{"id":14202,"date":"2026-08-07T08:30:00","date_gmt":"2026-08-07T14:30:00","guid":{"rendered":"https:\/\/damiensoitout.com\/pourquoi-prendre-des-douches-froides\/"},"modified":"2026-08-13T08:01:59","modified_gmt":"2026-08-13T14:01:59","slug":"pourquoi-prendre-des-douches-froides","status":"publish","type":"post","link":"https:\/\/damiensoitout.com\/fr\/pourquoi-prendre-des-douches-froides\/","title":{"rendered":"Pourquoi prendre des douches froides ?"},"content":{"rendered":"<p>Prendre une douche froide t\u00f4t le matin ou pour cl\u00f4turer la journ\u00e9e repr\u00e9sente souvent un d\u00e9fi pour beaucoup de personnes. La plupart d\u2019entre nous se sont habitu\u00e9s aux douches chaudes pour d\u00e9tendre le corps.<\/p>\n<p>Pourtant, les douches froides offrent de r\u00e9els b\u00e9n\u00e9fices pour le corps et peuvent am\u00e9liorer la sant\u00e9 de multiples fa\u00e7ons : elles apaisent l\u2019esprit, am\u00e9liorent la peau et aident m\u00eame \u00e0 r\u00e9duire les graisses.<\/p>\n<p style=\"text-align: center;\"><em>Sponsored*<\/em><\/p>\n<h2>1- Augmente votre \u00e9tat d\u2019alerte<\/h2>\n<p>La respiration profonde d\u00e9clench\u00e9e par le choc du corps au contact de l\u2019eau froide nous aide \u00e0 rester au chaud, car elle augmente notre apport total en oxyg\u00e8ne. Notre rythme cardiaque s\u2019acc\u00e9l\u00e8re aussi, lib\u00e9rant une vague de sang dans tout le corps. R\u00e9sultat : une dose d\u2019\u00e9nergie naturelle pour bien d\u00e9marrer la journ\u00e9e.<\/p>\n<h2>2- Am\u00e9liore la peau et les cheveux<\/h2>\n<p>Les b\u00e9n\u00e9fices des douches froides ne se limitent pas \u00e0 une meilleure sant\u00e9 : elles aident aussi \u00e0 mieux para\u00eetre. L\u2019eau froide r\u00e9duit le risque de perdre trop d\u2019huiles naturelles de la peau et des cheveux.<\/p>\n<p>Elle donne \u00e9galement aux cheveux un aspect brillant et renforce leur ancrage dans le cuir chevelu.<\/p>\n<h2>3- Renforce l\u2019immunit\u00e9 et la circulation<\/h2>\n<p>L\u2019eau froide am\u00e9liore la circulation en stimulant le flux sanguin autour des organes, ce qui peut aider \u00e0 combattre certains probl\u00e8mes de peau et de c\u0153ur. Quand l\u2019eau froide frappe le corps, elle pousse les art\u00e8res \u00e0 pomper le sang plus efficacement, ce qui renforce la sant\u00e9 cardiaque globale. Elle peut aussi faire baisser la tension art\u00e9rielle, d\u00e9gager des art\u00e8res obstru\u00e9es et booster le syst\u00e8me immunitaire.<\/p>\n<h2>4- R\u00e9duit les risques de d\u00e9pression<\/h2>\n<p>On a constat\u00e9 que les douches froides soulageaient les sympt\u00f4mes de la d\u00e9pression en stimulant le \u00ab locus coeruleus \u00bb dans le cerveau, qui lib\u00e8re de la noradr\u00e9naline, une substance chimique jouant un r\u00f4le dans le soulagement de la d\u00e9pression.<\/p>\n<h2>5- Stimule la perte de poids<\/h2>\n<p>Les douches froides peuvent aider \u00e0 perdre du poids de fa\u00e7on inattendue. Le corps humain contient deux types de tissu adipeux : la graisse blanche et la graisse brune. La graisse blanche s\u2019accumule quand on consomme plus de calories que le corps n\u2019en a besoin et qu\u2019on ne les br\u00fble pas. Elle se loge au niveau de la taille, du bas du dos, du cou et des cuisses, et c\u2019est celle que tout le monde cherche \u00e0 \u00e9liminer. La graisse brune, elle, est la \u00ab bonne \u00bb graisse : elle produit de la chaleur pour maintenir le corps au chaud et s\u2019active en cas d\u2019exposition au froid extr\u00eame. Les douches froides favorisent donc l\u2019activit\u00e9 de la graisse brune.<\/p>\n<p><em>Lire aussi : <a href=\"https:\/\/damiensoitout.com\/fr\/6-conseils-pour-etre-un-entrepreneur-en-bonne-sante\/\" target=\"_blank\" rel=\"noopener noreferrer\">Conseils pour \u00eatre un entrepreneur en bonne sant\u00e9<\/a><\/em><\/p>\n<h2>6- R\u00e9cup\u00e9ration musculaire plus rapide<\/h2>\n<p>Un bain glac\u00e9 apr\u00e8s un entra\u00eenement intense am\u00e9liore la circulation et aide \u00e0 \u00e9liminer une partie de l\u2019acide lactique, ce qui peut acc\u00e9l\u00e9rer la r\u00e9cup\u00e9ration. Il est donc recommand\u00e9 de se doucher \u00e0 l\u2019eau froide pour favoriser la r\u00e9cup\u00e9ration musculaire.<\/p>\n<h2>7- Aide \u00e0 mieux dormir<\/h2>\n<p>Prendre une douche froide produit un effet apaisant qui vous conduit tout droit au lit. <em>Lire : <a href=\"https:\/\/damiensoitout.com\/fr\/dors-tu-suffisamment-ou-trop\/\" target=\"_blank\" rel=\"noopener noreferrer\">L\u2019importance du sommeil<\/a>.<\/em><\/p>\n<p>&nbsp;<\/p>\n<p>&nbsp;<\/p>\n","protected":false},"excerpt":{"rendered":"excerpt","protected":false},"author":1,"featured_media":2103,"comment_status":"closed","ping_status":"closed","sticky":false,"template":"","format":"standard","meta":{"episode_type":"","audio_file":"","podmotor_file_id":"","podmotor_episode_id":"","cover_image":"","cover_image_id":"","duration":"","filesize":"","filesize_raw":"","date_recorded":"","explicit":"","block":"","itunes_episode_number":"","itunes_title":"","itunes_season_number":"","itunes_episode_type":"","footnotes":""},"categories":[3964],"tags":[],"class_list":["post-14202","post","type-post","status-publish","format-standard","has-post-thumbnail","hentry","category-sante-style-de-vie"],"yoast_head":"<!-- This site is optimized with the Yoast SEO Premium plugin v24.3 (Yoast SEO v25.8) - https:\/\/yoast.com\/wordpress\/plugins\/seo\/ -->\n<title>B\u00e9n\u00e9fices des douches froides : 7 raisons d\u2019en prendre<\/title>\n<meta name=\"description\" content=\"D\u00e9couvrez les b\u00e9n\u00e9fices des douches froides : plus d\u2019\u00e9nergie, meilleure peau, immunit\u00e9 renforc\u00e9e, perte de poids et sommeil de qualit\u00e9. Guide pratique.\" \/>\n<meta name=\"robots\" content=\"index, follow, max-snippet:-1, max-image-preview:large, max-video-preview:-1\" \/>\n<link rel=\"canonical\" href=\"https:\/\/damiensoitout.com\/fr\/pourquoi-prendre-des-douches-froides\/\" \/>\n<meta property=\"og:locale\" content=\"fr_FR\" \/>\n<meta property=\"og:type\" content=\"article\" \/>\n<meta property=\"og:title\" content=\"B\u00e9n\u00e9fices des douches froides : 7 raisons d\u2019en prendre\" \/>\n<meta property=\"og:description\" content=\"D\u00e9couvrez les b\u00e9n\u00e9fices des douches froides : plus d\u2019\u00e9nergie, meilleure peau, immunit\u00e9 renforc\u00e9e, perte de poids et sommeil de qualit\u00e9. Guide pratique.\" \/>\n<meta property=\"og:url\" content=\"https:\/\/damiensoitout.com\/fr\/pourquoi-prendre-des-douches-froides\/\" \/>\n<meta property=\"og:site_name\" content=\"Damien Soitout\" \/>\n<meta property=\"article:publisher\" content=\"https:\/\/facebook.com\/soitoutdamien\" \/>\n<meta property=\"article:author\" content=\"https:\/\/facebook.com\/soitoutdamien\" \/>\n<meta property=\"article:published_time\" content=\"2026-08-07T14:30:00+00:00\" \/>\n<meta property=\"article:modified_time\" content=\"2026-08-13T14:01:59+00:00\" \/>\n<meta property=\"og:image\" content=\"https:\/\/damiensoitout.com\/wp-content\/uploads\/2019\/06\/shower.jpg\" \/>\n<meta name=\"author\" content=\"El Equipo Damien Soitout\" \/>\n<meta name=\"twitter:card\" content=\"summary_large_image\" \/>\n<meta name=\"twitter:title\" content=\"B\u00e9n\u00e9fices des douches froides : 7 raisons d\u2019en prendre\" \/>\n<meta name=\"twitter:description\" content=\"D\u00e9couvrez les b\u00e9n\u00e9fices des douches froides : plus d\u2019\u00e9nergie, meilleure peau, immunit\u00e9 renforc\u00e9e, perte de poids et sommeil de qualit\u00e9. Guide pratique.\" \/>\n<meta name=\"twitter:image\" content=\"https:\/\/damiensoitout.com\/wp-content\/uploads\/2019\/06\/shower.jpg\" \/>\n<meta name=\"twitter:creator\" content=\"@damiensoitout\" \/>\n<meta name=\"twitter:site\" content=\"@damiensoitout\" \/>\n<meta name=\"twitter:label1\" content=\"\u00c9crit par\" \/>\n\t<meta name=\"twitter:data1\" content=\"El Equipo Damien Soitout\" \/>\n\t<meta name=\"twitter:label2\" content=\"Dur\u00e9e de lecture estim\u00e9e\" \/>\n\t<meta name=\"twitter:data2\" content=\"3 minutes\" \/>\n<script type=\"application\/ld+json\" class=\"yoast-schema-graph\">{\"@context\":\"https:\/\/schema.org\",\"@graph\":[{\"@type\":\"Article\",\"@id\":\"https:\/\/damiensoitout.com\/fr\/pourquoi-prendre-des-douches-froides\/#article\",\"isPartOf\":{\"@id\":\"https:\/\/damiensoitout.com\/fr\/pourquoi-prendre-des-douches-froides\/\"},\"author\":{\"name\":\"El Equipo Damien Soitout\",\"@id\":\"https:\/\/damiensoitout.com\/fr\/#\/schema\/person\/8d19b79710a8aa1e4e03b7fbc6e21aa8\"},\"headline\":\"Pourquoi prendre des douches froides ?\",\"datePublished\":\"2026-08-07T14:30:00+00:00\",\"dateModified\":\"2026-08-13T14:01:59+00:00\",\"mainEntityOfPage\":{\"@id\":\"https:\/\/damiensoitout.com\/fr\/pourquoi-prendre-des-douches-froides\/\"},\"wordCount\":574,\"publisher\":{\"@id\":\"https:\/\/damiensoitout.com\/fr\/#\/schema\/person\/8d19b79710a8aa1e4e03b7fbc6e21aa8\"},\"image\":{\"@id\":\"https:\/\/damiensoitout.com\/fr\/pourquoi-prendre-des-douches-froides\/#primaryimage\"},\"thumbnailUrl\":\"https:\/\/damiensoitout.com\/wp-content\/uploads\/2019\/06\/shower.jpg\",\"articleSection\":[\"Sant\u00e9 et style de vie\"],\"inLanguage\":\"fr-FR\"},{\"@type\":\"WebPage\",\"@id\":\"https:\/\/damiensoitout.com\/fr\/pourquoi-prendre-des-douches-froides\/\",\"url\":\"https:\/\/damiensoitout.com\/fr\/pourquoi-prendre-des-douches-froides\/\",\"name\":\"B\u00e9n\u00e9fices des douches froides : 7 raisons d\u2019en prendre\",\"isPartOf\":{\"@id\":\"https:\/\/damiensoitout.com\/fr\/#website\"},\"primaryImageOfPage\":{\"@id\":\"https:\/\/damiensoitout.com\/fr\/pourquoi-prendre-des-douches-froides\/#primaryimage\"},\"image\":{\"@id\":\"https:\/\/damiensoitout.com\/fr\/pourquoi-prendre-des-douches-froides\/#primaryimage\"},\"thumbnailUrl\":\"https:\/\/damiensoitout.com\/wp-content\/uploads\/2019\/06\/shower.jpg\",\"datePublished\":\"2026-08-07T14:30:00+00:00\",\"dateModified\":\"2026-08-13T14:01:59+00:00\",\"description\":\"D\u00e9couvrez les b\u00e9n\u00e9fices des douches froides : plus d\u2019\u00e9nergie, meilleure peau, immunit\u00e9 renforc\u00e9e, perte de poids et sommeil de qualit\u00e9. Guide pratique.\",\"breadcrumb\":{\"@id\":\"https:\/\/damiensoitout.com\/fr\/pourquoi-prendre-des-douches-froides\/#breadcrumb\"},\"inLanguage\":\"fr-FR\",\"potentialAction\":[{\"@type\":\"ReadAction\",\"target\":[\"https:\/\/damiensoitout.com\/fr\/pourquoi-prendre-des-douches-froides\/\"]}]},{\"@type\":\"ImageObject\",\"inLanguage\":\"fr-FR\",\"@id\":\"https:\/\/damiensoitout.com\/fr\/pourquoi-prendre-des-douches-froides\/#primaryimage\",\"url\":\"https:\/\/damiensoitout.com\/wp-content\/uploads\/2019\/06\/shower.jpg\",\"contentUrl\":\"https:\/\/damiensoitout.com\/wp-content\/uploads\/2019\/06\/shower.jpg\",\"width\":1900,\"height\":778,\"caption\":\"ducha fr\u00eda\"},{\"@type\":\"BreadcrumbList\",\"@id\":\"https:\/\/damiensoitout.com\/fr\/pourquoi-prendre-des-douches-froides\/#breadcrumb\",\"itemListElement\":[{\"@type\":\"ListItem\",\"position\":1,\"name\":\"Accueil\",\"item\":\"https:\/\/damiensoitout.com\/fr\/\"},{\"@type\":\"ListItem\",\"position\":2,\"name\":\"Sant\u00e9 et style de vie\",\"item\":\"https:\/\/damiensoitout.com\/fr\/category\/sante-style-de-vie\/\"},{\"@type\":\"ListItem\",\"position\":3,\"name\":\"Pourquoi prendre des douches froides ?\"}]},{\"@type\":\"WebSite\",\"@id\":\"https:\/\/damiensoitout.com\/fr\/#website\",\"url\":\"https:\/\/damiensoitout.com\/fr\/\",\"name\":\"Damien Soitout\",\"description\":\"\",\"publisher\":{\"@id\":\"https:\/\/damiensoitout.com\/fr\/#\/schema\/person\/8d19b79710a8aa1e4e03b7fbc6e21aa8\"},\"potentialAction\":[{\"@type\":\"SearchAction\",\"target\":{\"@type\":\"EntryPoint\",\"urlTemplate\":\"https:\/\/damiensoitout.com\/fr\/?s={search_term_string}\"},\"query-input\":{\"@type\":\"PropertyValueSpecification\",\"valueRequired\":true,\"valueName\":\"search_term_string\"}}],\"inLanguage\":\"fr-FR\"},{\"@type\":\"Person\",\"@id\":\"https:\/\/damiensoitout.com\/fr\/#\/schema\/person\/8d19b79710a8aa1e4e03b7fbc6e21aa8\",\"name\":\"Damien Soitout\",\"image\":{\"@type\":\"ImageObject\",\"inLanguage\":\"fr-FR\",\"@id\":\"https:\/\/damiensoitout.com\/fr\/#\/schema\/person\/image\/\",\"url\":\"https:\/\/cdn.damiensoitout.com\/wp-content\/uploads\/2020\/11\/13121638\/cropped-faviconds.png\",\"contentUrl\":\"https:\/\/cdn.damiensoitout.com\/wp-content\/uploads\/2020\/11\/13121638\/cropped-faviconds.png\",\"width\":512,\"height\":512,\"caption\":\"El Equipo Damien Soitout\"},\"logo\":{\"@id\":\"https:\/\/damiensoitout.com\/fr\/#\/schema\/person\/image\/\"},\"description\":\"Damien Soitout \u2014 entrepreneur, investor, author and philanthropist. Business mentor and consultant helping companies and entrepreneurs achieve ambitious goals.\",\"sameAs\":[\"https:\/\/damiensoitout.com\",\"https:\/\/facebook.com\/soitoutdamien\",\"https:\/\/instagram.com\/damiensoitout\",\"https:\/\/x.com\/damiensoitout\",\"https:\/\/youtube.com\/damsoi01\",\"https:\/\/es.wikipedia.org\/wiki\/Necesidades_humanas_fundamentales\"],\"url\":\"https:\/\/damiensoitout.com\/fr\/\",\"jobTitle\":\"Entrepreneur, investor, author, philanthropist\"}]}<\/script>\n<!-- \/ Yoast SEO Premium plugin. -->","yoast_head_json":{"title":"B\u00e9n\u00e9fices des douches froides : 7 raisons d\u2019en prendre","description":"D\u00e9couvrez les b\u00e9n\u00e9fices des douches froides : plus d\u2019\u00e9nergie, meilleure peau, immunit\u00e9 renforc\u00e9e, perte de poids et sommeil de qualit\u00e9. Guide pratique.","robots":{"index":"index","follow":"follow","max-snippet":"max-snippet:-1","max-image-preview":"max-image-preview:large","max-video-preview":"max-video-preview:-1"},"canonical":"https:\/\/damiensoitout.com\/fr\/pourquoi-prendre-des-douches-froides\/","og_locale":"fr_FR","og_type":"article","og_title":"B\u00e9n\u00e9fices des douches froides : 7 raisons d\u2019en prendre","og_description":"D\u00e9couvrez les b\u00e9n\u00e9fices des douches froides : plus d\u2019\u00e9nergie, meilleure peau, immunit\u00e9 renforc\u00e9e, perte de poids et sommeil de qualit\u00e9. Guide pratique.","og_url":"https:\/\/damiensoitout.com\/fr\/pourquoi-prendre-des-douches-froides\/","og_site_name":"Damien Soitout","article_publisher":"https:\/\/facebook.com\/soitoutdamien","article_author":"https:\/\/facebook.com\/soitoutdamien","article_published_time":"2026-08-07T14:30:00+00:00","article_modified_time":"2026-08-13T14:01:59+00:00","og_image":[{"url":"https:\/\/damiensoitout.com\/wp-content\/uploads\/2019\/06\/shower.jpg","type":"","width":"","height":""}],"author":"El Equipo Damien Soitout","twitter_card":"summary_large_image","twitter_title":"B\u00e9n\u00e9fices des douches froides : 7 raisons d\u2019en prendre","twitter_description":"D\u00e9couvrez les b\u00e9n\u00e9fices des douches froides : plus d\u2019\u00e9nergie, meilleure peau, immunit\u00e9 renforc\u00e9e, perte de poids et sommeil de qualit\u00e9. Guide pratique.","twitter_image":"https:\/\/damiensoitout.com\/wp-content\/uploads\/2019\/06\/shower.jpg","twitter_creator":"@damiensoitout","twitter_site":"@damiensoitout","twitter_misc":{"\u00c9crit par":"El Equipo Damien Soitout","Dur\u00e9e de lecture estim\u00e9e":"3 minutes"},"schema":{"@context":"https:\/\/schema.org","@graph":[{"@type":"Article","@id":"https:\/\/damiensoitout.com\/fr\/pourquoi-prendre-des-douches-froides\/#article","isPartOf":{"@id":"https:\/\/damiensoitout.com\/fr\/pourquoi-prendre-des-douches-froides\/"},"author":{"name":"El Equipo Damien Soitout","@id":"https:\/\/damiensoitout.com\/fr\/#\/schema\/person\/8d19b79710a8aa1e4e03b7fbc6e21aa8"},"headline":"Pourquoi prendre des douches froides ?","datePublished":"2026-08-07T14:30:00+00:00","dateModified":"2026-08-13T14:01:59+00:00","mainEntityOfPage":{"@id":"https:\/\/damiensoitout.com\/fr\/pourquoi-prendre-des-douches-froides\/"},"wordCount":574,"publisher":{"@id":"https:\/\/damiensoitout.com\/fr\/#\/schema\/person\/8d19b79710a8aa1e4e03b7fbc6e21aa8"},"image":{"@id":"https:\/\/damiensoitout.com\/fr\/pourquoi-prendre-des-douches-froides\/#primaryimage"},"thumbnailUrl":"https:\/\/damiensoitout.com\/wp-content\/uploads\/2019\/06\/shower.jpg","articleSection":["Sant\u00e9 et style de vie"],"inLanguage":"fr-FR"},{"@type":"WebPage","@id":"https:\/\/damiensoitout.com\/fr\/pourquoi-prendre-des-douches-froides\/","url":"https:\/\/damiensoitout.com\/fr\/pourquoi-prendre-des-douches-froides\/","name":"B\u00e9n\u00e9fices des douches froides : 7 raisons d\u2019en prendre","isPartOf":{"@id":"https:\/\/damiensoitout.com\/fr\/#website"},"primaryImageOfPage":{"@id":"https:\/\/damiensoitout.com\/fr\/pourquoi-prendre-des-douches-froides\/#primaryimage"},"image":{"@id":"https:\/\/damiensoitout.com\/fr\/pourquoi-prendre-des-douches-froides\/#primaryimage"},"thumbnailUrl":"https:\/\/damiensoitout.com\/wp-content\/uploads\/2019\/06\/shower.jpg","datePublished":"2026-08-07T14:30:00+00:00","dateModified":"2026-08-13T14:01:59+00:00","description":"D\u00e9couvrez les b\u00e9n\u00e9fices des douches froides : plus d\u2019\u00e9nergie, meilleure peau, immunit\u00e9 renforc\u00e9e, perte de poids et sommeil de qualit\u00e9. Guide pratique.","breadcrumb":{"@id":"https:\/\/damiensoitout.com\/fr\/pourquoi-prendre-des-douches-froides\/#breadcrumb"},"inLanguage":"fr-FR","potentialAction":[{"@type":"ReadAction","target":["https:\/\/damiensoitout.com\/fr\/pourquoi-prendre-des-douches-froides\/"]}]},{"@type":"ImageObject","inLanguage":"fr-FR","@id":"https:\/\/damiensoitout.com\/fr\/pourquoi-prendre-des-douches-froides\/#primaryimage","url":"https:\/\/damiensoitout.com\/wp-content\/uploads\/2019\/06\/shower.jpg","contentUrl":"https:\/\/damiensoitout.com\/wp-content\/uploads\/2019\/06\/shower.jpg","width":1900,"height":778,"caption":"ducha fr\u00eda"},{"@type":"BreadcrumbList","@id":"https:\/\/damiensoitout.com\/fr\/pourquoi-prendre-des-douches-froides\/#breadcrumb","itemListElement":[{"@type":"ListItem","position":1,"name":"Accueil","item":"https:\/\/damiensoitout.com\/fr\/"},{"@type":"ListItem","position":2,"name":"Sant\u00e9 et style de vie","item":"https:\/\/damiensoitout.com\/fr\/category\/sante-style-de-vie\/"},{"@type":"ListItem","position":3,"name":"Pourquoi prendre des douches froides ?"}]},{"@type":"WebSite","@id":"https:\/\/damiensoitout.com\/fr\/#website","url":"https:\/\/damiensoitout.com\/fr\/","name":"Damien Soitout","description":"","publisher":{"@id":"https:\/\/damiensoitout.com\/fr\/#\/schema\/person\/8d19b79710a8aa1e4e03b7fbc6e21aa8"},"potentialAction":[{"@type":"SearchAction","target":{"@type":"EntryPoint","urlTemplate":"https:\/\/damiensoitout.com\/fr\/?s={search_term_string}"},"query-input":{"@type":"PropertyValueSpecification","valueRequired":true,"valueName":"search_term_string"}}],"inLanguage":"fr-FR"},{"@type":"Person","@id":"https:\/\/damiensoitout.com\/fr\/#\/schema\/person\/8d19b79710a8aa1e4e03b7fbc6e21aa8","name":"Damien Soitout","image":{"@type":"ImageObject","inLanguage":"fr-FR","@id":"https:\/\/damiensoitout.com\/fr\/#\/schema\/person\/image\/","url":"https:\/\/cdn.damiensoitout.com\/wp-content\/uploads\/2020\/11\/13121638\/cropped-faviconds.png","contentUrl":"https:\/\/cdn.damiensoitout.com\/wp-content\/uploads\/2020\/11\/13121638\/cropped-faviconds.png","width":512,"height":512,"caption":"El Equipo Damien Soitout"},"logo":{"@id":"https:\/\/damiensoitout.com\/fr\/#\/schema\/person\/image\/"},"description":"Damien Soitout \u2014 entrepreneur, investor, author and philanthropist. Business mentor and consultant helping companies and entrepreneurs achieve ambitious goals.","sameAs":["https:\/\/damiensoitout.com","https:\/\/facebook.com\/soitoutdamien","https:\/\/instagram.com\/damiensoitout","https:\/\/x.com\/damiensoitout","https:\/\/youtube.com\/damsoi01","https:\/\/es.wikipedia.org\/wiki\/Necesidades_humanas_fundamentales"],"url":"https:\/\/damiensoitout.com\/fr\/","jobTitle":"Entrepreneur, investor, author, philanthropist"}]}},"_links":{"self":[{"href":"https:\/\/damiensoitout.com\/fr\/wp-json\/wp\/v2\/posts\/14202","targetHints":{"allow":["GET"]}}],"collection":[{"href":"https:\/\/damiensoitout.com\/fr\/wp-json\/wp\/v2\/posts"}],"about":[{"href":"https:\/\/damiensoitout.com\/fr\/wp-json\/wp\/v2\/types\/post"}],"author":[{"embeddable":true,"href":"https:\/\/damiensoitout.com\/fr\/wp-json\/wp\/v2\/users\/1"}],"replies":[{"embeddable":true,"href":"https:\/\/damiensoitout.com\/fr\/wp-json\/wp\/v2\/comments?post=14202"}],"version-history":[{"count":1,"href":"https:\/\/damiensoitout.com\/fr\/wp-json\/wp\/v2\/posts\/14202\/revisions"}],"predecessor-version":[{"id":14854,"href":"https:\/\/damiensoitout.com\/fr\/wp-json\/wp\/v2\/posts\/14202\/revisions\/14854"}],"wp:featuredmedia":[{"embeddable":true,"href":"https:\/\/damiensoitout.com\/fr\/wp-json\/wp\/v2\/media\/2103"}],"wp:attachment":[{"href":"https:\/\/damiensoitout.com\/fr\/wp-json\/wp\/v2\/media?parent=14202"}],"wp:term":[{"taxonomy":"category","embeddable":true,"href":"https:\/\/damiensoitout.com\/fr\/wp-json\/wp\/v2\/categories?post=14202"},{"taxonomy":"post_tag","embeddable":true,"href":"https:\/\/damiensoitout.com\/fr\/wp-json\/wp\/v2\/tags?post=14202"}],"curies":[{"name":"wp","href":"https:\/\/api.w.org\/{rel}","templated":true}]}}