{"id":14187,"date":"2026-08-04T11:45:00","date_gmt":"2026-08-04T17:45:00","guid":{"rendered":"https:\/\/damiensoitout.com\/la-negativite-est-contagieuse\/"},"modified":"2026-08-13T08:01:34","modified_gmt":"2026-08-13T14:01:34","slug":"la-negativite-est-contagieuse","status":"publish","type":"post","link":"https:\/\/damiensoitout.com\/fr\/la-negativite-est-contagieuse\/","title":{"rendered":"La n\u00e9gativit\u00e9 est contagieuse"},"content":{"rendered":"<p>M\u00eame si nous n\u2019aimons pas toujours l\u2019admettre, une \u00e9tude de l\u2019universit\u00e9 de l\u2019Indiana a montr\u00e9 que les opinions des autres nous touchent et influencent notre comportement. Ces psychologues ont d\u00e9couvert que les avis n\u00e9gatifs ont un impact plus fort que la pens\u00e9e positive.<\/p>\n<p>L\u2019exp\u00e9rience a r\u00e9v\u00e9l\u00e9 que, dans un groupe qui partage des opinions positives et n\u00e9gatives sur un produit, le changement d\u2019avis allait toujours du positif vers le n\u00e9gatif. Elle a aussi montr\u00e9 que ceux qui avaient d\u00e9j\u00e0 une opinion n\u00e9gative, en interagissant entre eux, ne faisaient que renforcer encore davantage leur jugement d\u00e9favorable. Le message est clair : la n\u00e9gativit\u00e9 engendre encore plus de n\u00e9gativit\u00e9.<\/p>\n<p>Ce ph\u00e9nom\u00e8ne se retrouve dans toutes les situations de la vie, et ne se limite pas \u00e0 un produit. La recherche a constat\u00e9 que la d\u00e9pression d\u2019un conjoint conduit souvent \u00e0 la d\u00e9pression de son partenaire. La m\u00eame dynamique peut appara\u00eetre entre colocataires. De plus, les enfants \u00e9lev\u00e9s par des parents d\u00e9prim\u00e9s ont nettement plus de risques d\u2019\u00eatre eux-m\u00eames diagnostiqu\u00e9s d\u00e9pressifs. En r\u00e9alit\u00e9, la d\u00e9pression d\u2019un membre de la famille peut d\u00e9stabiliser tout le syst\u00e8me familial. D\u2019autres \u00e9motions, comme l\u2019anxi\u00e9t\u00e9 et la peur, peuvent produire le m\u00eame effet de contagion.<\/p>\n<p style=\"text-align: center;\"><em>Sponsored*<\/em><\/p>\n<p>La n\u00e9gativit\u00e9 est tr\u00e8s puissante et il est important de s\u2019en d\u00e9fendre. Il existe <a href=\"https:\/\/damiensoitout.com\/fr\/comment-arreter-pensees-negatives-penser-positif\/\" target=\"_blank\" rel=\"noopener noreferrer\">plusieurs exercices que vous pouvez faire<\/a> pour la combattre, mais ce n\u2019est pas toujours suffisant, surtout lorsque le probl\u00e8me vient d\u2019une personne tr\u00e8s proche. Dans certains cas, il faut prendre des mesures pour briser le cycle et arr\u00eater la contagion.<\/p>\n<h2>1- \u00c9loignez-vous de la n\u00e9gativit\u00e9<\/h2>\n<p>C\u2019est plus simple lorsqu\u2019il s\u2019agit d\u2019un ami ou d\u2019un travail que lorsqu\u2019elle vient de votre famille ou de votre conjoint ; pourtant, s\u2019\u00e9loigner de la source de votre n\u00e9gativit\u00e9 est indispensable. Si vous ne pouvez pas vous retirer compl\u00e8tement de la situation, accordez-vous des \u00ab pauses heureuses \u00bb : faites quelque chose qui vous rend heureux, ou passez du temps avec des personnes positives qui vous font du bien plut\u00f4t que du mal.<\/p>\n<h2>2- Devenez la source du positivisme<\/h2>\n<p>Essayez d\u2019inverser la spirale \u00e9motionnelle n\u00e9gative cr\u00e9\u00e9e par la personne ou le groupe n\u00e9gatif. Souriez souvent. Restez heureux et positif, m\u00eame lorsque ceux qui vous entourent se plaignent, sont tristes ou en col\u00e8re. Avec le temps, votre t\u00e9nacit\u00e9 peut provoquer une contagion inverse de positivit\u00e9 et briser le sch\u00e9ma n\u00e9gatif.<\/p>\n<h2>3- Communiquez avec la ou les personnes n\u00e9gatives<\/h2>\n<p>Parlez \u00e0 la personne ou aux personnes qui vous font vous sentir mal, stress\u00e9 ou en col\u00e8re. Parfois, le simple fait de leur montrer ce qu\u2019elles font ou comment elles vous font ressentir peut les motiver \u00e0 changer. En revanche, \u00e9vitez de les bl\u00e2mer. Les bl\u00e2mer ne ferait que les faire se sentir encore plus mal et plus n\u00e9gatives.<\/p>\n<h2>4- Prenez soin de vous<\/h2>\n<p>Comme pour un rhume ou toute autre maladie, si vous \u00eates fatigu\u00e9, affaibli ou affam\u00e9, vous serez plus vuln\u00e9rable aux \u00e9motions n\u00e9gatives des autres. Dormez suffisamment. Mangez correctement, faites de l\u2019exercice et exposez-vous un peu au soleil. L\u2019activit\u00e9 physique et la lumi\u00e8re du jour stimulent la lib\u00e9ration d\u2019endorphines, le booster d\u2019humeur naturel de notre corps. Apprenez aussi \u00e0 <a href=\"https:\/\/damiensoitout.com\/fr\/?p=14178\" target=\"_blank\" rel=\"noopener noreferrer\">am\u00e9liorer votre immunit\u00e9 face \u00e0 l\u2019adversit\u00e9 et au pessimisme<\/a>.<\/p>\n<p>En fin de compte, vous ne pouvez pas contr\u00f4ler ce que quelqu\u2019un ressent ou la fa\u00e7on dont il r\u00e9agit aux situations. Vous n\u2019avez de contr\u00f4le que sur votre propre r\u00e9ponse \u00e0 ses \u00e9motions. M\u00eame si nous avons tendance \u00e0 imiter les \u00e9motions et les comportements affectifs des autres, en prenant conscience de cette propension, nous pouvons nous entra\u00eener \u00e0 \u00e9carter les \u00e9motions n\u00e9gatives <a href=\"https:\/\/damiensoitout.com\/fr\/comment-surmonter-ses-peurs\/\" target=\"_blank\" rel=\"noopener noreferrer\">et les peurs<\/a> qui surgissent souvent lorsque nous interagissons avec des personnes n\u00e9gatives et malheureuses.<\/p>\n","protected":false},"excerpt":{"rendered":"excerpt","protected":false},"author":1,"featured_media":2041,"comment_status":"closed","ping_status":"closed","sticky":false,"template":"","format":"standard","meta":{"episode_type":"","audio_file":"","podmotor_file_id":"","podmotor_episode_id":"","cover_image":"","cover_image_id":"","duration":"","filesize":"","filesize_raw":"","date_recorded":"","explicit":"","block":"","itunes_episode_number":"","itunes_title":"","itunes_season_number":"","itunes_episode_type":"","footnotes":""},"categories":[3974],"tags":[],"class_list":["post-14187","post","type-post","status-publish","format-standard","has-post-thumbnail","hentry","category-developpement-personnel"],"yoast_head":"<!-- This site is optimized with the Yoast SEO Premium plugin v24.3 (Yoast SEO v25.8) - https:\/\/yoast.com\/wordpress\/plugins\/seo\/ -->\n<title>La n\u00e9gativit\u00e9 est contagieuse : comment s\u2019en prot\u00e9ger<\/title>\n<meta name=\"description\" content=\"La n\u00e9gativit\u00e9 est tr\u00e8s puissante et il est essentiel de s\u2019en d\u00e9fendre. D\u00e9couvrez des exercices concrets pour combattre la contagion \u00e9motionnelle au quotidien.\" \/>\n<meta name=\"robots\" content=\"index, follow, max-snippet:-1, max-image-preview:large, max-video-preview:-1\" \/>\n<link rel=\"canonical\" href=\"https:\/\/damiensoitout.com\/fr\/la-negativite-est-contagieuse\/\" \/>\n<meta property=\"og:locale\" content=\"fr_FR\" \/>\n<meta property=\"og:type\" content=\"article\" \/>\n<meta property=\"og:title\" content=\"La n\u00e9gativit\u00e9 est contagieuse : comment s\u2019en prot\u00e9ger\" \/>\n<meta property=\"og:description\" content=\"La n\u00e9gativit\u00e9 est tr\u00e8s puissante et il est essentiel de s\u2019en d\u00e9fendre. D\u00e9couvrez des exercices concrets pour combattre la contagion \u00e9motionnelle au quotidien.\" \/>\n<meta property=\"og:url\" content=\"https:\/\/damiensoitout.com\/fr\/la-negativite-est-contagieuse\/\" \/>\n<meta property=\"og:site_name\" content=\"Damien Soitout\" \/>\n<meta property=\"article:publisher\" content=\"https:\/\/facebook.com\/soitoutdamien\" \/>\n<meta property=\"article:author\" content=\"https:\/\/facebook.com\/soitoutdamien\" \/>\n<meta property=\"article:published_time\" content=\"2026-08-04T17:45:00+00:00\" \/>\n<meta property=\"article:modified_time\" content=\"2026-08-13T14:01:34+00:00\" \/>\n<meta property=\"og:image\" content=\"https:\/\/damiensoitout.com\/wp-content\/uploads\/2019\/06\/bepositive.jpg\" \/>\n<meta name=\"author\" content=\"El Equipo Damien Soitout\" \/>\n<meta name=\"twitter:card\" content=\"summary_large_image\" \/>\n<meta name=\"twitter:title\" content=\"La n\u00e9gativit\u00e9 est contagieuse : comment s\u2019en prot\u00e9ger\" \/>\n<meta name=\"twitter:description\" content=\"La n\u00e9gativit\u00e9 est tr\u00e8s puissante et il est essentiel de s\u2019en d\u00e9fendre. D\u00e9couvrez des exercices concrets pour combattre la contagion \u00e9motionnelle au quotidien.\" \/>\n<meta name=\"twitter:image\" content=\"https:\/\/damiensoitout.com\/wp-content\/uploads\/2019\/06\/bepositive.jpg\" \/>\n<meta name=\"twitter:creator\" content=\"@damiensoitout\" \/>\n<meta name=\"twitter:site\" content=\"@damiensoitout\" \/>\n<meta name=\"twitter:label1\" content=\"\u00c9crit par\" \/>\n\t<meta name=\"twitter:data1\" content=\"El Equipo Damien Soitout\" \/>\n\t<meta name=\"twitter:label2\" content=\"Dur\u00e9e de lecture estim\u00e9e\" \/>\n\t<meta name=\"twitter:data2\" content=\"3 minutes\" \/>\n<script type=\"application\/ld+json\" class=\"yoast-schema-graph\">{\"@context\":\"https:\/\/schema.org\",\"@graph\":[{\"@type\":\"Article\",\"@id\":\"https:\/\/damiensoitout.com\/fr\/la-negativite-est-contagieuse\/#article\",\"isPartOf\":{\"@id\":\"https:\/\/damiensoitout.com\/fr\/la-negativite-est-contagieuse\/\"},\"author\":{\"name\":\"El Equipo Damien Soitout\",\"@id\":\"https:\/\/damiensoitout.com\/fr\/#\/schema\/person\/8d19b79710a8aa1e4e03b7fbc6e21aa8\"},\"headline\":\"La n\u00e9gativit\u00e9 est contagieuse\",\"datePublished\":\"2026-08-04T17:45:00+00:00\",\"dateModified\":\"2026-08-13T14:01:34+00:00\",\"mainEntityOfPage\":{\"@id\":\"https:\/\/damiensoitout.com\/fr\/la-negativite-est-contagieuse\/\"},\"wordCount\":693,\"publisher\":{\"@id\":\"https:\/\/damiensoitout.com\/fr\/#\/schema\/person\/8d19b79710a8aa1e4e03b7fbc6e21aa8\"},\"image\":{\"@id\":\"https:\/\/damiensoitout.com\/fr\/la-negativite-est-contagieuse\/#primaryimage\"},\"thumbnailUrl\":\"https:\/\/damiensoitout.com\/wp-content\/uploads\/2019\/06\/bepositive.jpg\",\"articleSection\":[\"D\u00e9veloppement personnel\"],\"inLanguage\":\"fr-FR\"},{\"@type\":\"WebPage\",\"@id\":\"https:\/\/damiensoitout.com\/fr\/la-negativite-est-contagieuse\/\",\"url\":\"https:\/\/damiensoitout.com\/fr\/la-negativite-est-contagieuse\/\",\"name\":\"La n\u00e9gativit\u00e9 est contagieuse : comment s\u2019en prot\u00e9ger\",\"isPartOf\":{\"@id\":\"https:\/\/damiensoitout.com\/fr\/#website\"},\"primaryImageOfPage\":{\"@id\":\"https:\/\/damiensoitout.com\/fr\/la-negativite-est-contagieuse\/#primaryimage\"},\"image\":{\"@id\":\"https:\/\/damiensoitout.com\/fr\/la-negativite-est-contagieuse\/#primaryimage\"},\"thumbnailUrl\":\"https:\/\/damiensoitout.com\/wp-content\/uploads\/2019\/06\/bepositive.jpg\",\"datePublished\":\"2026-08-04T17:45:00+00:00\",\"dateModified\":\"2026-08-13T14:01:34+00:00\",\"description\":\"La n\u00e9gativit\u00e9 est tr\u00e8s puissante et il est essentiel de s\u2019en d\u00e9fendre. D\u00e9couvrez des exercices concrets pour combattre la contagion \u00e9motionnelle au quotidien.\",\"breadcrumb\":{\"@id\":\"https:\/\/damiensoitout.com\/fr\/la-negativite-est-contagieuse\/#breadcrumb\"},\"inLanguage\":\"fr-FR\",\"potentialAction\":[{\"@type\":\"ReadAction\",\"target\":[\"https:\/\/damiensoitout.com\/fr\/la-negativite-est-contagieuse\/\"]}]},{\"@type\":\"ImageObject\",\"inLanguage\":\"fr-FR\",\"@id\":\"https:\/\/damiensoitout.com\/fr\/la-negativite-est-contagieuse\/#primaryimage\",\"url\":\"https:\/\/damiensoitout.com\/wp-content\/uploads\/2019\/06\/bepositive.jpg\",\"contentUrl\":\"https:\/\/damiensoitout.com\/wp-content\/uploads\/2019\/06\/bepositive.jpg\",\"width\":1900,\"height\":778,\"caption\":\"ser positivo\"},{\"@type\":\"BreadcrumbList\",\"@id\":\"https:\/\/damiensoitout.com\/fr\/la-negativite-est-contagieuse\/#breadcrumb\",\"itemListElement\":[{\"@type\":\"ListItem\",\"position\":1,\"name\":\"Accueil\",\"item\":\"https:\/\/damiensoitout.com\/fr\/\"},{\"@type\":\"ListItem\",\"position\":2,\"name\":\"D\u00e9veloppement personnel\",\"item\":\"https:\/\/damiensoitout.com\/fr\/category\/developpement-personnel\/\"},{\"@type\":\"ListItem\",\"position\":3,\"name\":\"La n\u00e9gativit\u00e9 est contagieuse\"}]},{\"@type\":\"WebSite\",\"@id\":\"https:\/\/damiensoitout.com\/fr\/#website\",\"url\":\"https:\/\/damiensoitout.com\/fr\/\",\"name\":\"Damien Soitout\",\"description\":\"\",\"publisher\":{\"@id\":\"https:\/\/damiensoitout.com\/fr\/#\/schema\/person\/8d19b79710a8aa1e4e03b7fbc6e21aa8\"},\"potentialAction\":[{\"@type\":\"SearchAction\",\"target\":{\"@type\":\"EntryPoint\",\"urlTemplate\":\"https:\/\/damiensoitout.com\/fr\/?s={search_term_string}\"},\"query-input\":{\"@type\":\"PropertyValueSpecification\",\"valueRequired\":true,\"valueName\":\"search_term_string\"}}],\"inLanguage\":\"fr-FR\"},{\"@type\":\"Person\",\"@id\":\"https:\/\/damiensoitout.com\/fr\/#\/schema\/person\/8d19b79710a8aa1e4e03b7fbc6e21aa8\",\"name\":\"Damien Soitout\",\"image\":{\"@type\":\"ImageObject\",\"inLanguage\":\"fr-FR\",\"@id\":\"https:\/\/damiensoitout.com\/fr\/#\/schema\/person\/image\/\",\"url\":\"https:\/\/cdn.damiensoitout.com\/wp-content\/uploads\/2020\/11\/13121638\/cropped-faviconds.png\",\"contentUrl\":\"https:\/\/cdn.damiensoitout.com\/wp-content\/uploads\/2020\/11\/13121638\/cropped-faviconds.png\",\"width\":512,\"height\":512,\"caption\":\"El Equipo Damien Soitout\"},\"logo\":{\"@id\":\"https:\/\/damiensoitout.com\/fr\/#\/schema\/person\/image\/\"},\"description\":\"Damien Soitout \u2014 entrepreneur, investor, author and philanthropist. Business mentor and consultant helping companies and entrepreneurs achieve ambitious goals.\",\"sameAs\":[\"https:\/\/damiensoitout.com\",\"https:\/\/facebook.com\/soitoutdamien\",\"https:\/\/instagram.com\/damiensoitout\",\"https:\/\/x.com\/damiensoitout\",\"https:\/\/youtube.com\/damsoi01\",\"https:\/\/es.wikipedia.org\/wiki\/Necesidades_humanas_fundamentales\"],\"url\":\"https:\/\/damiensoitout.com\/fr\/\",\"jobTitle\":\"Entrepreneur, investor, author, philanthropist\"}]}<\/script>\n<!-- \/ Yoast SEO Premium plugin. -->","yoast_head_json":{"title":"La n\u00e9gativit\u00e9 est contagieuse : comment s\u2019en prot\u00e9ger","description":"La n\u00e9gativit\u00e9 est tr\u00e8s puissante et il est essentiel de s\u2019en d\u00e9fendre. D\u00e9couvrez des exercices concrets pour combattre la contagion \u00e9motionnelle au quotidien.","robots":{"index":"index","follow":"follow","max-snippet":"max-snippet:-1","max-image-preview":"max-image-preview:large","max-video-preview":"max-video-preview:-1"},"canonical":"https:\/\/damiensoitout.com\/fr\/la-negativite-est-contagieuse\/","og_locale":"fr_FR","og_type":"article","og_title":"La n\u00e9gativit\u00e9 est contagieuse : comment s\u2019en prot\u00e9ger","og_description":"La n\u00e9gativit\u00e9 est tr\u00e8s puissante et il est essentiel de s\u2019en d\u00e9fendre. D\u00e9couvrez des exercices concrets pour combattre la contagion \u00e9motionnelle au quotidien.","og_url":"https:\/\/damiensoitout.com\/fr\/la-negativite-est-contagieuse\/","og_site_name":"Damien Soitout","article_publisher":"https:\/\/facebook.com\/soitoutdamien","article_author":"https:\/\/facebook.com\/soitoutdamien","article_published_time":"2026-08-04T17:45:00+00:00","article_modified_time":"2026-08-13T14:01:34+00:00","og_image":[{"url":"https:\/\/damiensoitout.com\/wp-content\/uploads\/2019\/06\/bepositive.jpg","type":"","width":"","height":""}],"author":"El Equipo Damien Soitout","twitter_card":"summary_large_image","twitter_title":"La n\u00e9gativit\u00e9 est contagieuse : comment s\u2019en prot\u00e9ger","twitter_description":"La n\u00e9gativit\u00e9 est tr\u00e8s puissante et il est essentiel de s\u2019en d\u00e9fendre. D\u00e9couvrez des exercices concrets pour combattre la contagion \u00e9motionnelle au quotidien.","twitter_image":"https:\/\/damiensoitout.com\/wp-content\/uploads\/2019\/06\/bepositive.jpg","twitter_creator":"@damiensoitout","twitter_site":"@damiensoitout","twitter_misc":{"\u00c9crit par":"El Equipo Damien Soitout","Dur\u00e9e de lecture estim\u00e9e":"3 minutes"},"schema":{"@context":"https:\/\/schema.org","@graph":[{"@type":"Article","@id":"https:\/\/damiensoitout.com\/fr\/la-negativite-est-contagieuse\/#article","isPartOf":{"@id":"https:\/\/damiensoitout.com\/fr\/la-negativite-est-contagieuse\/"},"author":{"name":"El Equipo Damien Soitout","@id":"https:\/\/damiensoitout.com\/fr\/#\/schema\/person\/8d19b79710a8aa1e4e03b7fbc6e21aa8"},"headline":"La n\u00e9gativit\u00e9 est contagieuse","datePublished":"2026-08-04T17:45:00+00:00","dateModified":"2026-08-13T14:01:34+00:00","mainEntityOfPage":{"@id":"https:\/\/damiensoitout.com\/fr\/la-negativite-est-contagieuse\/"},"wordCount":693,"publisher":{"@id":"https:\/\/damiensoitout.com\/fr\/#\/schema\/person\/8d19b79710a8aa1e4e03b7fbc6e21aa8"},"image":{"@id":"https:\/\/damiensoitout.com\/fr\/la-negativite-est-contagieuse\/#primaryimage"},"thumbnailUrl":"https:\/\/damiensoitout.com\/wp-content\/uploads\/2019\/06\/bepositive.jpg","articleSection":["D\u00e9veloppement personnel"],"inLanguage":"fr-FR"},{"@type":"WebPage","@id":"https:\/\/damiensoitout.com\/fr\/la-negativite-est-contagieuse\/","url":"https:\/\/damiensoitout.com\/fr\/la-negativite-est-contagieuse\/","name":"La n\u00e9gativit\u00e9 est contagieuse : comment s\u2019en prot\u00e9ger","isPartOf":{"@id":"https:\/\/damiensoitout.com\/fr\/#website"},"primaryImageOfPage":{"@id":"https:\/\/damiensoitout.com\/fr\/la-negativite-est-contagieuse\/#primaryimage"},"image":{"@id":"https:\/\/damiensoitout.com\/fr\/la-negativite-est-contagieuse\/#primaryimage"},"thumbnailUrl":"https:\/\/damiensoitout.com\/wp-content\/uploads\/2019\/06\/bepositive.jpg","datePublished":"2026-08-04T17:45:00+00:00","dateModified":"2026-08-13T14:01:34+00:00","description":"La n\u00e9gativit\u00e9 est tr\u00e8s puissante et il est essentiel de s\u2019en d\u00e9fendre. D\u00e9couvrez des exercices concrets pour combattre la contagion \u00e9motionnelle au quotidien.","breadcrumb":{"@id":"https:\/\/damiensoitout.com\/fr\/la-negativite-est-contagieuse\/#breadcrumb"},"inLanguage":"fr-FR","potentialAction":[{"@type":"ReadAction","target":["https:\/\/damiensoitout.com\/fr\/la-negativite-est-contagieuse\/"]}]},{"@type":"ImageObject","inLanguage":"fr-FR","@id":"https:\/\/damiensoitout.com\/fr\/la-negativite-est-contagieuse\/#primaryimage","url":"https:\/\/damiensoitout.com\/wp-content\/uploads\/2019\/06\/bepositive.jpg","contentUrl":"https:\/\/damiensoitout.com\/wp-content\/uploads\/2019\/06\/bepositive.jpg","width":1900,"height":778,"caption":"ser positivo"},{"@type":"BreadcrumbList","@id":"https:\/\/damiensoitout.com\/fr\/la-negativite-est-contagieuse\/#breadcrumb","itemListElement":[{"@type":"ListItem","position":1,"name":"Accueil","item":"https:\/\/damiensoitout.com\/fr\/"},{"@type":"ListItem","position":2,"name":"D\u00e9veloppement personnel","item":"https:\/\/damiensoitout.com\/fr\/category\/developpement-personnel\/"},{"@type":"ListItem","position":3,"name":"La n\u00e9gativit\u00e9 est contagieuse"}]},{"@type":"WebSite","@id":"https:\/\/damiensoitout.com\/fr\/#website","url":"https:\/\/damiensoitout.com\/fr\/","name":"Damien Soitout","description":"","publisher":{"@id":"https:\/\/damiensoitout.com\/fr\/#\/schema\/person\/8d19b79710a8aa1e4e03b7fbc6e21aa8"},"potentialAction":[{"@type":"SearchAction","target":{"@type":"EntryPoint","urlTemplate":"https:\/\/damiensoitout.com\/fr\/?s={search_term_string}"},"query-input":{"@type":"PropertyValueSpecification","valueRequired":true,"valueName":"search_term_string"}}],"inLanguage":"fr-FR"},{"@type":"Person","@id":"https:\/\/damiensoitout.com\/fr\/#\/schema\/person\/8d19b79710a8aa1e4e03b7fbc6e21aa8","name":"Damien Soitout","image":{"@type":"ImageObject","inLanguage":"fr-FR","@id":"https:\/\/damiensoitout.com\/fr\/#\/schema\/person\/image\/","url":"https:\/\/cdn.damiensoitout.com\/wp-content\/uploads\/2020\/11\/13121638\/cropped-faviconds.png","contentUrl":"https:\/\/cdn.damiensoitout.com\/wp-content\/uploads\/2020\/11\/13121638\/cropped-faviconds.png","width":512,"height":512,"caption":"El Equipo Damien Soitout"},"logo":{"@id":"https:\/\/damiensoitout.com\/fr\/#\/schema\/person\/image\/"},"description":"Damien Soitout \u2014 entrepreneur, investor, author and philanthropist. Business mentor and consultant helping companies and entrepreneurs achieve ambitious goals.","sameAs":["https:\/\/damiensoitout.com","https:\/\/facebook.com\/soitoutdamien","https:\/\/instagram.com\/damiensoitout","https:\/\/x.com\/damiensoitout","https:\/\/youtube.com\/damsoi01","https:\/\/es.wikipedia.org\/wiki\/Necesidades_humanas_fundamentales"],"url":"https:\/\/damiensoitout.com\/fr\/","jobTitle":"Entrepreneur, investor, author, philanthropist"}]}},"_links":{"self":[{"href":"https:\/\/damiensoitout.com\/fr\/wp-json\/wp\/v2\/posts\/14187","targetHints":{"allow":["GET"]}}],"collection":[{"href":"https:\/\/damiensoitout.com\/fr\/wp-json\/wp\/v2\/posts"}],"about":[{"href":"https:\/\/damiensoitout.com\/fr\/wp-json\/wp\/v2\/types\/post"}],"author":[{"embeddable":true,"href":"https:\/\/damiensoitout.com\/fr\/wp-json\/wp\/v2\/users\/1"}],"replies":[{"embeddable":true,"href":"https:\/\/damiensoitout.com\/fr\/wp-json\/wp\/v2\/comments?post=14187"}],"version-history":[{"count":1,"href":"https:\/\/damiensoitout.com\/fr\/wp-json\/wp\/v2\/posts\/14187\/revisions"}],"predecessor-version":[{"id":14829,"href":"https:\/\/damiensoitout.com\/fr\/wp-json\/wp\/v2\/posts\/14187\/revisions\/14829"}],"wp:featuredmedia":[{"embeddable":true,"href":"https:\/\/damiensoitout.com\/fr\/wp-json\/wp\/v2\/media\/2041"}],"wp:attachment":[{"href":"https:\/\/damiensoitout.com\/fr\/wp-json\/wp\/v2\/media?parent=14187"}],"wp:term":[{"taxonomy":"category","embeddable":true,"href":"https:\/\/damiensoitout.com\/fr\/wp-json\/wp\/v2\/categories?post=14187"},{"taxonomy":"post_tag","embeddable":true,"href":"https:\/\/damiensoitout.com\/fr\/wp-json\/wp\/v2\/tags?post=14187"}],"curies":[{"name":"wp","href":"https:\/\/api.w.org\/{rel}","templated":true}]}}