{"id":14148,"date":"2026-08-01T08:36:00","date_gmt":"2026-08-01T14:36:00","guid":{"rendered":"https:\/\/damiensoitout.com\/elever-tes-standards\/"},"modified":"2026-08-13T08:00:27","modified_gmt":"2026-08-13T14:00:27","slug":"elever-tes-standards","status":"publish","type":"post","link":"https:\/\/damiensoitout.com\/fr\/elever-tes-standards\/","title":{"rendered":"\u00c9l\u00e8ve tes standards"},"content":{"rendered":"<p>Quelle est la diff\u00e9rence entre quelque chose que tu <em>devrais<\/em> faire et quelque chose que tu <em>dois absolument<\/em> faire ? Quand on parle de standards de vie, beaucoup de gens imaginent \u00e0 tort qu\u2019il faut commencer \u00e0 \u00ab s\u2019habiller pour le job que tu veux, pas pour celui que tu as \u00bb ou vivre dans un quartier plus cher, entour\u00e9 de personnes d\u2019un autre niveau socio-\u00e9conomique. Non. Aujourd\u2019hui, on parle de tes standards personnels, ceux que tu portes en toi.<\/p>\n<p>Tu t\u2019es d\u00e9j\u00e0 dit des phrases comme :<\/p>\n<ul>\n<li>\u00ab Je devrais mieux manger \u00bb ou<\/li>\n<li>\u00ab Je devrais commencer \u00e0 faire du sport \u00bb ou<\/li>\n<li>\u00ab Je devrais me coucher plus t\u00f4t le soir au lieu de regarder 5 \u00e9pisodes de Black Mirror sur Netflix. \u00bb<\/li>\n<\/ul>\n<p>Les gens se forgent un style de vie et une fa\u00e7on de penser, leurs standards de vie, tr\u00e8s t\u00f4t. En g\u00e9n\u00e9ral, cela vient de leurs parents, de leurs amis d\u2019enfance, de leurs enseignants\u2026 Prends une minute et regarde ta mani\u00e8re de penser sur des sujets tr\u00e8s g\u00e9n\u00e9raux : la politique, la gestion de l\u2019argent, l\u2019\u00e9ducation des enfants. Tu verras beaucoup de similitudes avec les comportements de ta famille ou de tes proches.<\/p>\n<p>C\u2019est normal pour tout le monde. Le probl\u00e8me, c\u2019est que cela s\u2019applique aussi \u00e0 ce que tu crois pouvoir accomplir dans ta vie. Beaucoup d\u2019amis avec qui j\u2019ai grandi dans les ann\u00e9es 90, issus de familles de classe moyenne ou moyenne-basse, sont aujourd\u2019hui bloqu\u00e9s \u00e0 ce niveau et se sentent malheureux. Ils avaient tous ces r\u00eaves et ce potentiel en grandissant, mais un jour ils ont d\u00e9cid\u00e9 que ce n\u2019\u00e9tait pas possible de lancer leur propre entreprise, d\u2019aller aux \u00c9tats-Unis pour un MBA malgr\u00e9 une bourse, ou de se pr\u00e9senter \u00e0 ce concours d\u2019apps \u00e0 Paris pour d\u00e9fendre leur projet.<\/p>\n<p style=\"text-align: center;\"><em>Sponsored*<\/em><\/p>\n<p>Ces limites que les gens se fixent, de fa\u00e7on inconsciente ou consciente, apparaissent un jour parce qu\u2019ils ont vu qu\u2019une certaine norme \u00e9tait accept\u00e9e par la soci\u00e9t\u00e9, leur famille et\/ou leurs amis. Ils ont d\u00e9velopp\u00e9 une zone de confort. Quelque chose qu\u2019ils pouvaient contr\u00f4ler, o\u00f9 ils se sentaient en s\u00e9curit\u00e9, et o\u00f9 ils n\u2019ont jamais ressenti le besoin de faire en sorte que leurs r\u00eaves se r\u00e9alisent.<\/p>\n<h2 style=\"text-align: center;\">Comment \u00e9lever mes standards pour changer ma vie ?<\/h2>\n<p>Quand tu dois absolument faire quelque chose, comme si ta vie en d\u00e9pendait, un changement se produit en toi. Si manger plus sainement signifiait vivre ou mourir, tu le ferais tr\u00e8s probablement. Pareil pour le sport et le respect envers ton ou ta partenaire : si ta vie en d\u00e9pendait, tu ferais les changements n\u00e9cessaires.<\/p>\n<h3>Identifier tes standards actuels<\/h3>\n<p>Il est important de rep\u00e9rer o\u00f9 tu as des limites. Si tu travailles dans un bureau avec un salaire correct mais que tu as toujours voulu lancer ton propre business, peut-\u00eatre que tu ne l\u2019as jamais fait parce que tu te sentais trop \u00e0 l\u2019aise dans ta position actuelle. R\u00e9fl\u00e9chis \u00e0 la fa\u00e7on dont tu pourrais changer cela pour lancer ton entreprise.<\/p>\n<h3>Identifier les standards que tu veux atteindre<\/h3>\n<p>Pense \u00e0 tes r\u00eaves les plus profonds, \u00e0 ces d\u00e9sirs d\u2019enfant qui te font encore r\u00eaver mais pour lesquels tu n\u2019as jamais rien fait. Commence \u00e0 imaginer ta vie une fois que tu les auras atteints.<\/p>\n<h3>Cr\u00e9e un plan<\/h3>\n<p><a href=\"https:\/\/damiensoitout.com\/fr\/comment-creer-un-map\/\" target=\"_blank\" rel=\"noopener noreferrer\">Con\u00e7ois ton plan<\/a> de fa\u00e7on \u00e0 te forcer \u00e0 les atteindre, sans excuses. Mets-toi dans l\u2019\u00e9tat d\u2019esprit \u00ab Si je ne le fais pas, je suis mort. \u00bb Si tu transformes ton r\u00eave en une n\u00e9cessit\u00e9 de vie ou de mort, tu n\u2019auras plus d\u2019autre choix que de le r\u00e9aliser.<\/p>\n<h3>Autodiscipline<\/h3>\n<p>Commencer le changement est un premier pas, mais avoir la discipline de le reproduire chaque jour jusqu\u2019\u00e0 ce qu\u2019il devienne ta routine, c\u2019est la cl\u00e9.<\/p>\n<p>&nbsp;<\/p>\n<p>Comment te d\u00e9finis-tu ? Et depuis quand crois-tu cela ? Il y a combien d\u2019ann\u00e9es as-tu d\u00e9cid\u00e9 ce que tu pouvais et ne pouvais pas faire dans ta vie ? Tu ne penses pas qu\u2019il est temps d\u2019\u00e9lever tes standards, de transformer tes \u00ab je devrais le faire \u00bb en \u00ab je dois le faire \u00bb et de te donner une nouvelle identit\u00e9 ?<\/p>\n<p><em>\u00c0 lire aussi : <a href=\"https:\/\/damiensoitout.com\/fr\/l-importance-de-poser-les-bonnes-questions\/\" target=\"_blank\" rel=\"noopener noreferrer\">L\u2019importance de se poser les bonnes questions<\/a><\/em><\/p>\n<p>&nbsp;<\/p>\n","protected":false},"excerpt":{"rendered":"excerpt","protected":false},"author":1,"featured_media":2113,"comment_status":"closed","ping_status":"closed","sticky":false,"template":"","format":"standard","meta":{"episode_type":"","audio_file":"","podmotor_file_id":"","podmotor_episode_id":"","cover_image":"","cover_image_id":"","duration":"","filesize":"","filesize_raw":"","date_recorded":"","explicit":"","block":"","itunes_episode_number":"","itunes_title":"","itunes_season_number":"","itunes_episode_type":"","footnotes":""},"categories":[3974],"tags":[],"class_list":["post-14148","post","type-post","status-publish","format-standard","has-post-thumbnail","hentry","category-developpement-personnel"],"yoast_head":"<!-- This site is optimized with the Yoast SEO Premium plugin v24.3 (Yoast SEO v25.8) - https:\/\/yoast.com\/wordpress\/plugins\/seo\/ -->\n<title>\u00c9l\u00e8ve tes standards pour vivre une meilleure vie<\/title>\n<meta name=\"description\" content=\"Quelle est la diff\u00e9rence entre ce que tu devrais faire et ce que tu dois absolument faire ? \u00c9l\u00e8ve tes standards personnels pour vivre une meilleure vie et sortir de ta zone de confort.\" \/>\n<meta name=\"robots\" content=\"index, follow, max-snippet:-1, max-image-preview:large, max-video-preview:-1\" \/>\n<link rel=\"canonical\" href=\"https:\/\/damiensoitout.com\/fr\/elever-tes-standards\/\" \/>\n<meta property=\"og:locale\" content=\"fr_FR\" \/>\n<meta property=\"og:type\" content=\"article\" \/>\n<meta property=\"og:title\" content=\"\u00c9l\u00e8ve tes standards pour vivre une meilleure vie\" \/>\n<meta property=\"og:description\" content=\"Quelle est la diff\u00e9rence entre ce que tu devrais faire et ce que tu dois absolument faire ? \u00c9l\u00e8ve tes standards personnels pour vivre une meilleure vie et sortir de ta zone de confort.\" \/>\n<meta property=\"og:url\" content=\"https:\/\/damiensoitout.com\/fr\/elever-tes-standards\/\" \/>\n<meta property=\"og:site_name\" content=\"Damien Soitout\" \/>\n<meta property=\"article:publisher\" content=\"https:\/\/facebook.com\/soitoutdamien\" \/>\n<meta property=\"article:author\" content=\"https:\/\/facebook.com\/soitoutdamien\" \/>\n<meta property=\"article:published_time\" content=\"2026-08-01T14:36:00+00:00\" \/>\n<meta property=\"article:modified_time\" content=\"2026-08-13T14:00:27+00:00\" \/>\n<meta property=\"og:image\" content=\"https:\/\/cdn.damiensoitout.com\/wp-content\/uploads\/2019\/06\/24162739\/standards.jpg\" \/>\n<meta name=\"author\" content=\"El Equipo Damien Soitout\" \/>\n<meta name=\"twitter:card\" content=\"summary_large_image\" \/>\n<meta name=\"twitter:title\" content=\"\u00c9l\u00e8ve tes standards pour vivre une meilleure vie\" \/>\n<meta name=\"twitter:description\" content=\"Quelle est la diff\u00e9rence entre ce que tu devrais faire et ce que tu dois absolument faire ? \u00c9l\u00e8ve tes standards personnels pour vivre une meilleure vie et sortir de ta zone de confort.\" \/>\n<meta name=\"twitter:image\" content=\"https:\/\/cdn.damiensoitout.com\/wp-content\/uploads\/2019\/06\/24162739\/standards.jpg\" \/>\n<meta name=\"twitter:creator\" content=\"@damiensoitout\" \/>\n<meta name=\"twitter:site\" content=\"@damiensoitout\" \/>\n<meta name=\"twitter:label1\" content=\"\u00c9crit par\" \/>\n\t<meta name=\"twitter:data1\" content=\"El Equipo Damien Soitout\" \/>\n\t<meta name=\"twitter:label2\" content=\"Dur\u00e9e de lecture estim\u00e9e\" \/>\n\t<meta name=\"twitter:data2\" content=\"4 minutes\" \/>\n<script type=\"application\/ld+json\" class=\"yoast-schema-graph\">{\"@context\":\"https:\/\/schema.org\",\"@graph\":[{\"@type\":\"Article\",\"@id\":\"https:\/\/damiensoitout.com\/fr\/elever-tes-standards\/#article\",\"isPartOf\":{\"@id\":\"https:\/\/damiensoitout.com\/fr\/elever-tes-standards\/\"},\"author\":{\"name\":\"El Equipo Damien Soitout\",\"@id\":\"https:\/\/damiensoitout.com\/fr\/#\/schema\/person\/8d19b79710a8aa1e4e03b7fbc6e21aa8\"},\"headline\":\"\u00c9l\u00e8ve tes standards\",\"datePublished\":\"2026-08-01T14:36:00+00:00\",\"dateModified\":\"2026-08-13T14:00:27+00:00\",\"mainEntityOfPage\":{\"@id\":\"https:\/\/damiensoitout.com\/fr\/elever-tes-standards\/\"},\"wordCount\":743,\"publisher\":{\"@id\":\"https:\/\/damiensoitout.com\/fr\/#\/schema\/person\/8d19b79710a8aa1e4e03b7fbc6e21aa8\"},\"image\":{\"@id\":\"https:\/\/damiensoitout.com\/fr\/elever-tes-standards\/#primaryimage\"},\"thumbnailUrl\":\"https:\/\/damiensoitout.com\/wp-content\/uploads\/2019\/06\/standards.jpg\",\"articleSection\":[\"D\u00e9veloppement personnel\"],\"inLanguage\":\"fr-FR\"},{\"@type\":\"WebPage\",\"@id\":\"https:\/\/damiensoitout.com\/fr\/elever-tes-standards\/\",\"url\":\"https:\/\/damiensoitout.com\/fr\/elever-tes-standards\/\",\"name\":\"\u00c9l\u00e8ve tes standards pour vivre une meilleure vie\",\"isPartOf\":{\"@id\":\"https:\/\/damiensoitout.com\/fr\/#website\"},\"primaryImageOfPage\":{\"@id\":\"https:\/\/damiensoitout.com\/fr\/elever-tes-standards\/#primaryimage\"},\"image\":{\"@id\":\"https:\/\/damiensoitout.com\/fr\/elever-tes-standards\/#primaryimage\"},\"thumbnailUrl\":\"https:\/\/damiensoitout.com\/wp-content\/uploads\/2019\/06\/standards.jpg\",\"datePublished\":\"2026-08-01T14:36:00+00:00\",\"dateModified\":\"2026-08-13T14:00:27+00:00\",\"description\":\"Quelle est la diff\u00e9rence entre ce que tu devrais faire et ce que tu dois absolument faire ? \u00c9l\u00e8ve tes standards personnels pour vivre une meilleure vie et sortir de ta zone de confort.\",\"breadcrumb\":{\"@id\":\"https:\/\/damiensoitout.com\/fr\/elever-tes-standards\/#breadcrumb\"},\"inLanguage\":\"fr-FR\",\"potentialAction\":[{\"@type\":\"ReadAction\",\"target\":[\"https:\/\/damiensoitout.com\/fr\/elever-tes-standards\/\"]}]},{\"@type\":\"ImageObject\",\"inLanguage\":\"fr-FR\",\"@id\":\"https:\/\/damiensoitout.com\/fr\/elever-tes-standards\/#primaryimage\",\"url\":\"https:\/\/damiensoitout.com\/wp-content\/uploads\/2019\/06\/standards.jpg\",\"contentUrl\":\"https:\/\/damiensoitout.com\/wp-content\/uploads\/2019\/06\/standards.jpg\",\"width\":1900,\"height\":778,\"caption\":\"vivir una mejor vida\"},{\"@type\":\"BreadcrumbList\",\"@id\":\"https:\/\/damiensoitout.com\/fr\/elever-tes-standards\/#breadcrumb\",\"itemListElement\":[{\"@type\":\"ListItem\",\"position\":1,\"name\":\"Accueil\",\"item\":\"https:\/\/damiensoitout.com\/fr\/\"},{\"@type\":\"ListItem\",\"position\":2,\"name\":\"D\u00e9veloppement personnel\",\"item\":\"https:\/\/damiensoitout.com\/fr\/category\/developpement-personnel\/\"},{\"@type\":\"ListItem\",\"position\":3,\"name\":\"\u00c9l\u00e8ve tes standards\"}]},{\"@type\":\"WebSite\",\"@id\":\"https:\/\/damiensoitout.com\/fr\/#website\",\"url\":\"https:\/\/damiensoitout.com\/fr\/\",\"name\":\"Damien Soitout\",\"description\":\"\",\"publisher\":{\"@id\":\"https:\/\/damiensoitout.com\/fr\/#\/schema\/person\/8d19b79710a8aa1e4e03b7fbc6e21aa8\"},\"potentialAction\":[{\"@type\":\"SearchAction\",\"target\":{\"@type\":\"EntryPoint\",\"urlTemplate\":\"https:\/\/damiensoitout.com\/fr\/?s={search_term_string}\"},\"query-input\":{\"@type\":\"PropertyValueSpecification\",\"valueRequired\":true,\"valueName\":\"search_term_string\"}}],\"inLanguage\":\"fr-FR\"},{\"@type\":\"Person\",\"@id\":\"https:\/\/damiensoitout.com\/fr\/#\/schema\/person\/8d19b79710a8aa1e4e03b7fbc6e21aa8\",\"name\":\"Damien Soitout\",\"image\":{\"@type\":\"ImageObject\",\"inLanguage\":\"fr-FR\",\"@id\":\"https:\/\/damiensoitout.com\/fr\/#\/schema\/person\/image\/\",\"url\":\"https:\/\/cdn.damiensoitout.com\/wp-content\/uploads\/2020\/11\/13121638\/cropped-faviconds.png\",\"contentUrl\":\"https:\/\/cdn.damiensoitout.com\/wp-content\/uploads\/2020\/11\/13121638\/cropped-faviconds.png\",\"width\":512,\"height\":512,\"caption\":\"El Equipo Damien Soitout\"},\"logo\":{\"@id\":\"https:\/\/damiensoitout.com\/fr\/#\/schema\/person\/image\/\"},\"description\":\"Damien Soitout \u2014 entrepreneur, investor, author and philanthropist. Business mentor and consultant helping companies and entrepreneurs achieve ambitious goals.\",\"sameAs\":[\"https:\/\/damiensoitout.com\",\"https:\/\/facebook.com\/soitoutdamien\",\"https:\/\/instagram.com\/damiensoitout\",\"https:\/\/x.com\/damiensoitout\",\"https:\/\/youtube.com\/damsoi01\",\"https:\/\/es.wikipedia.org\/wiki\/Necesidades_humanas_fundamentales\"],\"url\":\"https:\/\/damiensoitout.com\/fr\/\",\"jobTitle\":\"Entrepreneur, investor, author, philanthropist\"}]}<\/script>\n<!-- \/ Yoast SEO Premium plugin. -->","yoast_head_json":{"title":"\u00c9l\u00e8ve tes standards pour vivre une meilleure vie","description":"Quelle est la diff\u00e9rence entre ce que tu devrais faire et ce que tu dois absolument faire ? \u00c9l\u00e8ve tes standards personnels pour vivre une meilleure vie et sortir de ta zone de confort.","robots":{"index":"index","follow":"follow","max-snippet":"max-snippet:-1","max-image-preview":"max-image-preview:large","max-video-preview":"max-video-preview:-1"},"canonical":"https:\/\/damiensoitout.com\/fr\/elever-tes-standards\/","og_locale":"fr_FR","og_type":"article","og_title":"\u00c9l\u00e8ve tes standards pour vivre une meilleure vie","og_description":"Quelle est la diff\u00e9rence entre ce que tu devrais faire et ce que tu dois absolument faire ? \u00c9l\u00e8ve tes standards personnels pour vivre une meilleure vie et sortir de ta zone de confort.","og_url":"https:\/\/damiensoitout.com\/fr\/elever-tes-standards\/","og_site_name":"Damien Soitout","article_publisher":"https:\/\/facebook.com\/soitoutdamien","article_author":"https:\/\/facebook.com\/soitoutdamien","article_published_time":"2026-08-01T14:36:00+00:00","article_modified_time":"2026-08-13T14:00:27+00:00","og_image":[{"url":"https:\/\/cdn.damiensoitout.com\/wp-content\/uploads\/2019\/06\/24162739\/standards.jpg","type":"","width":"","height":""}],"author":"El Equipo Damien Soitout","twitter_card":"summary_large_image","twitter_title":"\u00c9l\u00e8ve tes standards pour vivre une meilleure vie","twitter_description":"Quelle est la diff\u00e9rence entre ce que tu devrais faire et ce que tu dois absolument faire ? \u00c9l\u00e8ve tes standards personnels pour vivre une meilleure vie et sortir de ta zone de confort.","twitter_image":"https:\/\/cdn.damiensoitout.com\/wp-content\/uploads\/2019\/06\/24162739\/standards.jpg","twitter_creator":"@damiensoitout","twitter_site":"@damiensoitout","twitter_misc":{"\u00c9crit par":"El Equipo Damien Soitout","Dur\u00e9e de lecture estim\u00e9e":"4 minutes"},"schema":{"@context":"https:\/\/schema.org","@graph":[{"@type":"Article","@id":"https:\/\/damiensoitout.com\/fr\/elever-tes-standards\/#article","isPartOf":{"@id":"https:\/\/damiensoitout.com\/fr\/elever-tes-standards\/"},"author":{"name":"El Equipo Damien Soitout","@id":"https:\/\/damiensoitout.com\/fr\/#\/schema\/person\/8d19b79710a8aa1e4e03b7fbc6e21aa8"},"headline":"\u00c9l\u00e8ve tes standards","datePublished":"2026-08-01T14:36:00+00:00","dateModified":"2026-08-13T14:00:27+00:00","mainEntityOfPage":{"@id":"https:\/\/damiensoitout.com\/fr\/elever-tes-standards\/"},"wordCount":743,"publisher":{"@id":"https:\/\/damiensoitout.com\/fr\/#\/schema\/person\/8d19b79710a8aa1e4e03b7fbc6e21aa8"},"image":{"@id":"https:\/\/damiensoitout.com\/fr\/elever-tes-standards\/#primaryimage"},"thumbnailUrl":"https:\/\/damiensoitout.com\/wp-content\/uploads\/2019\/06\/standards.jpg","articleSection":["D\u00e9veloppement personnel"],"inLanguage":"fr-FR"},{"@type":"WebPage","@id":"https:\/\/damiensoitout.com\/fr\/elever-tes-standards\/","url":"https:\/\/damiensoitout.com\/fr\/elever-tes-standards\/","name":"\u00c9l\u00e8ve tes standards pour vivre une meilleure vie","isPartOf":{"@id":"https:\/\/damiensoitout.com\/fr\/#website"},"primaryImageOfPage":{"@id":"https:\/\/damiensoitout.com\/fr\/elever-tes-standards\/#primaryimage"},"image":{"@id":"https:\/\/damiensoitout.com\/fr\/elever-tes-standards\/#primaryimage"},"thumbnailUrl":"https:\/\/damiensoitout.com\/wp-content\/uploads\/2019\/06\/standards.jpg","datePublished":"2026-08-01T14:36:00+00:00","dateModified":"2026-08-13T14:00:27+00:00","description":"Quelle est la diff\u00e9rence entre ce que tu devrais faire et ce que tu dois absolument faire ? \u00c9l\u00e8ve tes standards personnels pour vivre une meilleure vie et sortir de ta zone de confort.","breadcrumb":{"@id":"https:\/\/damiensoitout.com\/fr\/elever-tes-standards\/#breadcrumb"},"inLanguage":"fr-FR","potentialAction":[{"@type":"ReadAction","target":["https:\/\/damiensoitout.com\/fr\/elever-tes-standards\/"]}]},{"@type":"ImageObject","inLanguage":"fr-FR","@id":"https:\/\/damiensoitout.com\/fr\/elever-tes-standards\/#primaryimage","url":"https:\/\/damiensoitout.com\/wp-content\/uploads\/2019\/06\/standards.jpg","contentUrl":"https:\/\/damiensoitout.com\/wp-content\/uploads\/2019\/06\/standards.jpg","width":1900,"height":778,"caption":"vivir una mejor vida"},{"@type":"BreadcrumbList","@id":"https:\/\/damiensoitout.com\/fr\/elever-tes-standards\/#breadcrumb","itemListElement":[{"@type":"ListItem","position":1,"name":"Accueil","item":"https:\/\/damiensoitout.com\/fr\/"},{"@type":"ListItem","position":2,"name":"D\u00e9veloppement personnel","item":"https:\/\/damiensoitout.com\/fr\/category\/developpement-personnel\/"},{"@type":"ListItem","position":3,"name":"\u00c9l\u00e8ve tes standards"}]},{"@type":"WebSite","@id":"https:\/\/damiensoitout.com\/fr\/#website","url":"https:\/\/damiensoitout.com\/fr\/","name":"Damien Soitout","description":"","publisher":{"@id":"https:\/\/damiensoitout.com\/fr\/#\/schema\/person\/8d19b79710a8aa1e4e03b7fbc6e21aa8"},"potentialAction":[{"@type":"SearchAction","target":{"@type":"EntryPoint","urlTemplate":"https:\/\/damiensoitout.com\/fr\/?s={search_term_string}"},"query-input":{"@type":"PropertyValueSpecification","valueRequired":true,"valueName":"search_term_string"}}],"inLanguage":"fr-FR"},{"@type":"Person","@id":"https:\/\/damiensoitout.com\/fr\/#\/schema\/person\/8d19b79710a8aa1e4e03b7fbc6e21aa8","name":"Damien Soitout","image":{"@type":"ImageObject","inLanguage":"fr-FR","@id":"https:\/\/damiensoitout.com\/fr\/#\/schema\/person\/image\/","url":"https:\/\/cdn.damiensoitout.com\/wp-content\/uploads\/2020\/11\/13121638\/cropped-faviconds.png","contentUrl":"https:\/\/cdn.damiensoitout.com\/wp-content\/uploads\/2020\/11\/13121638\/cropped-faviconds.png","width":512,"height":512,"caption":"El Equipo Damien Soitout"},"logo":{"@id":"https:\/\/damiensoitout.com\/fr\/#\/schema\/person\/image\/"},"description":"Damien Soitout \u2014 entrepreneur, investor, author and philanthropist. Business mentor and consultant helping companies and entrepreneurs achieve ambitious goals.","sameAs":["https:\/\/damiensoitout.com","https:\/\/facebook.com\/soitoutdamien","https:\/\/instagram.com\/damiensoitout","https:\/\/x.com\/damiensoitout","https:\/\/youtube.com\/damsoi01","https:\/\/es.wikipedia.org\/wiki\/Necesidades_humanas_fundamentales"],"url":"https:\/\/damiensoitout.com\/fr\/","jobTitle":"Entrepreneur, investor, author, philanthropist"}]}},"_links":{"self":[{"href":"https:\/\/damiensoitout.com\/fr\/wp-json\/wp\/v2\/posts\/14148","targetHints":{"allow":["GET"]}}],"collection":[{"href":"https:\/\/damiensoitout.com\/fr\/wp-json\/wp\/v2\/posts"}],"about":[{"href":"https:\/\/damiensoitout.com\/fr\/wp-json\/wp\/v2\/types\/post"}],"author":[{"embeddable":true,"href":"https:\/\/damiensoitout.com\/fr\/wp-json\/wp\/v2\/users\/1"}],"replies":[{"embeddable":true,"href":"https:\/\/damiensoitout.com\/fr\/wp-json\/wp\/v2\/comments?post=14148"}],"version-history":[{"count":1,"href":"https:\/\/damiensoitout.com\/fr\/wp-json\/wp\/v2\/posts\/14148\/revisions"}],"predecessor-version":[{"id":14751,"href":"https:\/\/damiensoitout.com\/fr\/wp-json\/wp\/v2\/posts\/14148\/revisions\/14751"}],"wp:featuredmedia":[{"embeddable":true,"href":"https:\/\/damiensoitout.com\/fr\/wp-json\/wp\/v2\/media\/2113"}],"wp:attachment":[{"href":"https:\/\/damiensoitout.com\/fr\/wp-json\/wp\/v2\/media?parent=14148"}],"wp:term":[{"taxonomy":"category","embeddable":true,"href":"https:\/\/damiensoitout.com\/fr\/wp-json\/wp\/v2\/categories?post=14148"},{"taxonomy":"post_tag","embeddable":true,"href":"https:\/\/damiensoitout.com\/fr\/wp-json\/wp\/v2\/tags?post=14148"}],"curies":[{"name":"wp","href":"https:\/\/api.w.org\/{rel}","templated":true}]}}