{"id":14064,"date":"2026-08-01T14:12:00","date_gmt":"2026-08-01T20:12:00","guid":{"rendered":"https:\/\/damiensoitout.com\/comment-arreter-pensees-negatives-penser-positif\/"},"modified":"2026-08-13T07:58:08","modified_gmt":"2026-08-13T13:58:08","slug":"comment-arreter-pensees-negatives-penser-positif","status":"publish","type":"post","link":"https:\/\/damiensoitout.com\/fr\/comment-arreter-pensees-negatives-penser-positif\/","title":{"rendered":"Comment arr\u00eater mes pens\u00e9es n\u00e9gatives ?"},"content":{"rendered":"<p>Si vous avez d\u00e9j\u00e0 lu les lois de l\u2019attraction, vous avez forc\u00e9ment crois\u00e9 ce sujet. Les pens\u00e9es n\u00e9gatives sont n\u00e9fastes pour votre bien-\u00eatre et pour celui de votre famille. Penser n\u00e9gativement peut impacter votre vie sociale, professionnelle, et m\u00eame votre sant\u00e9 physique comme mentale. Certaines personnes grandissent avec ce mode de pens\u00e9e et finissent par croire qu\u2019il est impossible de changer, que cela fait partie de qui elles sont.<\/p>\n<p>Rien n\u2019est plus \u00e9loign\u00e9 de la v\u00e9rit\u00e9. Changer ces pens\u00e9es est possible. Ce n\u2019est pas la chose la plus simple que vous entreprendrez, mais ce ne sera pas non plus la plus difficile. L\u2019essentiel, c\u2019est de vouloir ce changement. Vouloir am\u00e9liorer la qualit\u00e9 de vos pens\u00e9es, c\u2019est am\u00e9liorer la qualit\u00e9 de votre vie. Alors, pourquoi ne pas essayer ?<\/p>\n<p style=\"text-align: center;\"><em>Sponsored*<\/em><\/p>\n<p>Il existe 5 exercices de base issus de la loi de l\u2019attraction :<\/p>\n<h2><strong>1- Arr\u00eat des pens\u00e9es<\/strong><\/h2>\n<p>D\u00e8s que vous remarquez que des pens\u00e9es ou des images n\u00e9gatives commencent \u00e0 envahir votre esprit, essayez de dire \u00ab STOP ! \u00bb. Si vous \u00eates seul(e), vous pouvez le dire \u00e0 voix haute, le crier m\u00eame. Cela reste aussi tr\u00e8s efficace en le disant simplement dans votre t\u00eate.<\/p>\n<p>Il existe aussi des approches plus directes pour stopper la pens\u00e9e. Vous pouvez par exemple tester la vieille technique qui consiste \u00e0 vous asperger le visage d\u2019eau froide, ou simplement changer la direction de votre pens\u00e9e. Certaines personnes aiment compter \u00e0 rebours de 100 \u00e0 1.<\/p>\n<h2><strong>2- Affirmation positive<\/strong><\/h2>\n<p>Les affirmations positives s\u2019utilisent de plusieurs fa\u00e7ons. D\u2019abord, elles peuvent s\u2019appliquer comme la technique d\u2019arr\u00eat des pens\u00e9es : vous r\u00e9citez une affirmation d\u00e8s que vous sentez une pens\u00e9e n\u00e9gative arriver.<\/p>\n<p>Mais aussi : r\u00e9p\u00e9ter des affirmations chaque jour commence \u00e0 reformater votre fa\u00e7on de penser. Concevez-les avec soin et essayez de vous regarder dans les yeux dans le miroir pendant que vous les dites.<\/p>\n<h2><strong>3- Mettre des limites<\/strong><\/h2>\n<p>Pendant au moins quelques semaines, imposez-vous des limites concernant les pens\u00e9es n\u00e9gatives. L\u2019id\u00e9e est de choisir une plage horaire fixe et limit\u00e9e pendant laquelle vous autorisez votre esprit \u00e0 accueillir ces pens\u00e9es, et de vous engager \u00e0 les stopper ou \u00e0 les combattre \u00e0 tout autre moment de la semaine.<\/p>\n<p>Quand vous savez que vous aurez un cr\u00e9neau pour les examiner, elles vous paraissent souvent moins puissantes et ont moins de chances de prendre le dessus. Progressivement, vous n\u2019aurez m\u00eame plus de pens\u00e9es \u00e0 placer dans ce temps qui leur \u00e9tait r\u00e9serv\u00e9.<\/p>\n<h2><strong>4- \u00c9crire et d\u00e9truire<\/strong><\/h2>\n<p>Le but de cette technique est d\u2019obtenir une repr\u00e9sentation physique de votre n\u00e9gativit\u00e9 pour pouvoir l\u2019\u00e9liminer de fa\u00e7on symbolique et satisfaisante. Vous pouvez \u00e9crire, peindre, sculpter ou dessiner votre n\u00e9gativit\u00e9, puis la d\u00e9truire comme vous le souhaitez : en la br\u00fblant, en la d\u00e9chirant, en la jetant dans les toilettes\u2026<\/p>\n<h2><strong>5- Raisonnement int\u00e9rieur<\/strong><\/h2>\n<p>Vous pouvez essayer de raisonner avec vous-m\u00eame d\u00e8s que vous sentez que vous basculez dans la spirale n\u00e9gative. Cette technique consiste \u00e0 trouver une phrase que vous pourrez r\u00e9citer pour reconna\u00eetre que vous avez du pouvoir sur vos r\u00e9actions corporelles, et pour renforcer ce pouvoir avec le temps.<\/p>\n<p>Ces techniques sont tr\u00e8s importantes car elles fonctionnent pour la majorit\u00e9 des gens. Personnellement, j\u2019ai beaucoup utilis\u00e9 la 1re et la 5e. Un bonus suppl\u00e9mentaire : m\u00e9diter. La m\u00e9ditation vous d\u00e9tend et provoque une hausse d\u2019endorphines dans le cerveau, ce qui vous rend heureux(se) et, par cons\u00e9quent, plus positif(ve).<\/p>\n","protected":false},"excerpt":{"rendered":"excerpt","protected":false},"author":1,"featured_media":1603,"comment_status":"closed","ping_status":"closed","sticky":false,"template":"","format":"standard","meta":{"episode_type":"","audio_file":"","podmotor_file_id":"","podmotor_episode_id":"","cover_image":"","cover_image_id":"","duration":"","filesize":"","filesize_raw":"","date_recorded":"","explicit":"","block":"","itunes_episode_number":"","itunes_title":"","itunes_season_number":"","itunes_episode_type":"","footnotes":""},"categories":[3974,3964],"tags":[],"class_list":["post-14064","post","type-post","status-publish","format-standard","has-post-thumbnail","hentry","category-developpement-personnel","category-sante-style-de-vie"],"yoast_head":"<!-- This site is optimized with the Yoast SEO Premium plugin v24.3 (Yoast SEO v25.8) - https:\/\/yoast.com\/wordpress\/plugins\/seo\/ -->\n<title>Comment arr\u00eater les pens\u00e9es n\u00e9gatives et penser positif<\/title>\n<meta name=\"description\" content=\"Les pens\u00e9es n\u00e9gatives nuisent \u00e0 votre bien-\u00eatre et \u00e0 celui de votre famille. D\u00e9couvrez 5 exercices concrets pour penser positif et transformer votre quotidien.\" \/>\n<meta name=\"robots\" content=\"index, follow, max-snippet:-1, max-image-preview:large, max-video-preview:-1\" \/>\n<link rel=\"canonical\" href=\"https:\/\/damiensoitout.com\/fr\/comment-arreter-pensees-negatives-penser-positif\/\" \/>\n<meta property=\"og:locale\" content=\"fr_FR\" \/>\n<meta property=\"og:type\" content=\"article\" \/>\n<meta property=\"og:title\" content=\"Comment arr\u00eater les pens\u00e9es n\u00e9gatives et penser positif\" \/>\n<meta property=\"og:description\" content=\"Les pens\u00e9es n\u00e9gatives nuisent \u00e0 votre bien-\u00eatre et \u00e0 celui de votre famille. D\u00e9couvrez 5 exercices concrets pour penser positif et transformer votre quotidien.\" \/>\n<meta property=\"og:url\" content=\"https:\/\/damiensoitout.com\/fr\/comment-arreter-pensees-negatives-penser-positif\/\" \/>\n<meta property=\"og:site_name\" content=\"Damien Soitout\" \/>\n<meta property=\"article:publisher\" content=\"https:\/\/facebook.com\/soitoutdamien\" \/>\n<meta property=\"article:author\" content=\"https:\/\/facebook.com\/soitoutdamien\" \/>\n<meta property=\"article:published_time\" content=\"2026-08-01T20:12:00+00:00\" \/>\n<meta property=\"article:modified_time\" content=\"2026-08-13T13:58:08+00:00\" \/>\n<meta property=\"og:image\" content=\"https:\/\/damiensoitout.com\/wp-content\/uploads\/2019\/05\/positivethoughts.jpg\" \/>\n<meta name=\"author\" content=\"El Equipo Damien Soitout\" \/>\n<meta name=\"twitter:card\" content=\"summary_large_image\" \/>\n<meta name=\"twitter:title\" content=\"Comment arr\u00eater les pens\u00e9es n\u00e9gatives et penser positif\" \/>\n<meta name=\"twitter:description\" content=\"Les pens\u00e9es n\u00e9gatives nuisent \u00e0 votre bien-\u00eatre et \u00e0 celui de votre famille. D\u00e9couvrez 5 exercices concrets pour penser positif et transformer votre quotidien.\" \/>\n<meta name=\"twitter:image\" content=\"https:\/\/damiensoitout.com\/wp-content\/uploads\/2019\/05\/positivethoughts.jpg\" \/>\n<meta name=\"twitter:creator\" content=\"@damiensoitout\" \/>\n<meta name=\"twitter:site\" content=\"@damiensoitout\" \/>\n<meta name=\"twitter:label1\" content=\"\u00c9crit par\" \/>\n\t<meta name=\"twitter:data1\" content=\"El Equipo Damien Soitout\" \/>\n\t<meta name=\"twitter:label2\" content=\"Dur\u00e9e de lecture estim\u00e9e\" \/>\n\t<meta name=\"twitter:data2\" content=\"3 minutes\" \/>\n<script type=\"application\/ld+json\" class=\"yoast-schema-graph\">{\"@context\":\"https:\/\/schema.org\",\"@graph\":[{\"@type\":\"Article\",\"@id\":\"https:\/\/damiensoitout.com\/fr\/comment-arreter-pensees-negatives-penser-positif\/#article\",\"isPartOf\":{\"@id\":\"https:\/\/damiensoitout.com\/fr\/comment-arreter-pensees-negatives-penser-positif\/\"},\"author\":{\"name\":\"El Equipo Damien Soitout\",\"@id\":\"https:\/\/damiensoitout.com\/fr\/#\/schema\/person\/8d19b79710a8aa1e4e03b7fbc6e21aa8\"},\"headline\":\"Comment arr\u00eater mes pens\u00e9es n\u00e9gatives ?\",\"datePublished\":\"2026-08-01T20:12:00+00:00\",\"dateModified\":\"2026-08-13T13:58:08+00:00\",\"mainEntityOfPage\":{\"@id\":\"https:\/\/damiensoitout.com\/fr\/comment-arreter-pensees-negatives-penser-positif\/\"},\"wordCount\":628,\"publisher\":{\"@id\":\"https:\/\/damiensoitout.com\/fr\/#\/schema\/person\/8d19b79710a8aa1e4e03b7fbc6e21aa8\"},\"image\":{\"@id\":\"https:\/\/damiensoitout.com\/fr\/comment-arreter-pensees-negatives-penser-positif\/#primaryimage\"},\"thumbnailUrl\":\"https:\/\/damiensoitout.com\/wp-content\/uploads\/2019\/05\/positivethoughts.jpg\",\"articleSection\":[\"D\u00e9veloppement personnel\",\"Sant\u00e9 et style de vie\"],\"inLanguage\":\"fr-FR\"},{\"@type\":\"WebPage\",\"@id\":\"https:\/\/damiensoitout.com\/fr\/comment-arreter-pensees-negatives-penser-positif\/\",\"url\":\"https:\/\/damiensoitout.com\/fr\/comment-arreter-pensees-negatives-penser-positif\/\",\"name\":\"Comment arr\u00eater les pens\u00e9es n\u00e9gatives et penser positif\",\"isPartOf\":{\"@id\":\"https:\/\/damiensoitout.com\/fr\/#website\"},\"primaryImageOfPage\":{\"@id\":\"https:\/\/damiensoitout.com\/fr\/comment-arreter-pensees-negatives-penser-positif\/#primaryimage\"},\"image\":{\"@id\":\"https:\/\/damiensoitout.com\/fr\/comment-arreter-pensees-negatives-penser-positif\/#primaryimage\"},\"thumbnailUrl\":\"https:\/\/damiensoitout.com\/wp-content\/uploads\/2019\/05\/positivethoughts.jpg\",\"datePublished\":\"2026-08-01T20:12:00+00:00\",\"dateModified\":\"2026-08-13T13:58:08+00:00\",\"description\":\"Les pens\u00e9es n\u00e9gatives nuisent \u00e0 votre bien-\u00eatre et \u00e0 celui de votre famille. D\u00e9couvrez 5 exercices concrets pour penser positif et transformer votre quotidien.\",\"breadcrumb\":{\"@id\":\"https:\/\/damiensoitout.com\/fr\/comment-arreter-pensees-negatives-penser-positif\/#breadcrumb\"},\"inLanguage\":\"fr-FR\",\"potentialAction\":[{\"@type\":\"ReadAction\",\"target\":[\"https:\/\/damiensoitout.com\/fr\/comment-arreter-pensees-negatives-penser-positif\/\"]}]},{\"@type\":\"ImageObject\",\"inLanguage\":\"fr-FR\",\"@id\":\"https:\/\/damiensoitout.com\/fr\/comment-arreter-pensees-negatives-penser-positif\/#primaryimage\",\"url\":\"https:\/\/damiensoitout.com\/wp-content\/uploads\/2019\/05\/positivethoughts.jpg\",\"contentUrl\":\"https:\/\/damiensoitout.com\/wp-content\/uploads\/2019\/05\/positivethoughts.jpg\",\"width\":1900,\"height\":778,\"caption\":\"pensar de manera positiva\"},{\"@type\":\"BreadcrumbList\",\"@id\":\"https:\/\/damiensoitout.com\/fr\/comment-arreter-pensees-negatives-penser-positif\/#breadcrumb\",\"itemListElement\":[{\"@type\":\"ListItem\",\"position\":1,\"name\":\"Accueil\",\"item\":\"https:\/\/damiensoitout.com\/fr\/\"},{\"@type\":\"ListItem\",\"position\":2,\"name\":\"Sant\u00e9 et style de vie\",\"item\":\"https:\/\/damiensoitout.com\/fr\/category\/sante-style-de-vie\/\"},{\"@type\":\"ListItem\",\"position\":3,\"name\":\"Comment arr\u00eater mes pens\u00e9es n\u00e9gatives ?\"}]},{\"@type\":\"WebSite\",\"@id\":\"https:\/\/damiensoitout.com\/fr\/#website\",\"url\":\"https:\/\/damiensoitout.com\/fr\/\",\"name\":\"Damien Soitout\",\"description\":\"\",\"publisher\":{\"@id\":\"https:\/\/damiensoitout.com\/fr\/#\/schema\/person\/8d19b79710a8aa1e4e03b7fbc6e21aa8\"},\"potentialAction\":[{\"@type\":\"SearchAction\",\"target\":{\"@type\":\"EntryPoint\",\"urlTemplate\":\"https:\/\/damiensoitout.com\/fr\/?s={search_term_string}\"},\"query-input\":{\"@type\":\"PropertyValueSpecification\",\"valueRequired\":true,\"valueName\":\"search_term_string\"}}],\"inLanguage\":\"fr-FR\"},{\"@type\":\"Person\",\"@id\":\"https:\/\/damiensoitout.com\/fr\/#\/schema\/person\/8d19b79710a8aa1e4e03b7fbc6e21aa8\",\"name\":\"Damien Soitout\",\"image\":{\"@type\":\"ImageObject\",\"inLanguage\":\"fr-FR\",\"@id\":\"https:\/\/damiensoitout.com\/fr\/#\/schema\/person\/image\/\",\"url\":\"https:\/\/cdn.damiensoitout.com\/wp-content\/uploads\/2020\/11\/13121638\/cropped-faviconds.png\",\"contentUrl\":\"https:\/\/cdn.damiensoitout.com\/wp-content\/uploads\/2020\/11\/13121638\/cropped-faviconds.png\",\"width\":512,\"height\":512,\"caption\":\"El Equipo Damien Soitout\"},\"logo\":{\"@id\":\"https:\/\/damiensoitout.com\/fr\/#\/schema\/person\/image\/\"},\"description\":\"Damien Soitout \u2014 entrepreneur, investor, author and philanthropist. Business mentor and consultant helping companies and entrepreneurs achieve ambitious goals.\",\"sameAs\":[\"https:\/\/damiensoitout.com\",\"https:\/\/facebook.com\/soitoutdamien\",\"https:\/\/instagram.com\/damiensoitout\",\"https:\/\/x.com\/damiensoitout\",\"https:\/\/youtube.com\/damsoi01\",\"https:\/\/es.wikipedia.org\/wiki\/Necesidades_humanas_fundamentales\"],\"url\":\"https:\/\/damiensoitout.com\/fr\/\",\"jobTitle\":\"Entrepreneur, investor, author, philanthropist\"}]}<\/script>\n<!-- \/ Yoast SEO Premium plugin. -->","yoast_head_json":{"title":"Comment arr\u00eater les pens\u00e9es n\u00e9gatives et penser positif","description":"Les pens\u00e9es n\u00e9gatives nuisent \u00e0 votre bien-\u00eatre et \u00e0 celui de votre famille. D\u00e9couvrez 5 exercices concrets pour penser positif et transformer votre quotidien.","robots":{"index":"index","follow":"follow","max-snippet":"max-snippet:-1","max-image-preview":"max-image-preview:large","max-video-preview":"max-video-preview:-1"},"canonical":"https:\/\/damiensoitout.com\/fr\/comment-arreter-pensees-negatives-penser-positif\/","og_locale":"fr_FR","og_type":"article","og_title":"Comment arr\u00eater les pens\u00e9es n\u00e9gatives et penser positif","og_description":"Les pens\u00e9es n\u00e9gatives nuisent \u00e0 votre bien-\u00eatre et \u00e0 celui de votre famille. D\u00e9couvrez 5 exercices concrets pour penser positif et transformer votre quotidien.","og_url":"https:\/\/damiensoitout.com\/fr\/comment-arreter-pensees-negatives-penser-positif\/","og_site_name":"Damien Soitout","article_publisher":"https:\/\/facebook.com\/soitoutdamien","article_author":"https:\/\/facebook.com\/soitoutdamien","article_published_time":"2026-08-01T20:12:00+00:00","article_modified_time":"2026-08-13T13:58:08+00:00","og_image":[{"url":"https:\/\/damiensoitout.com\/wp-content\/uploads\/2019\/05\/positivethoughts.jpg","type":"","width":"","height":""}],"author":"El Equipo Damien Soitout","twitter_card":"summary_large_image","twitter_title":"Comment arr\u00eater les pens\u00e9es n\u00e9gatives et penser positif","twitter_description":"Les pens\u00e9es n\u00e9gatives nuisent \u00e0 votre bien-\u00eatre et \u00e0 celui de votre famille. D\u00e9couvrez 5 exercices concrets pour penser positif et transformer votre quotidien.","twitter_image":"https:\/\/damiensoitout.com\/wp-content\/uploads\/2019\/05\/positivethoughts.jpg","twitter_creator":"@damiensoitout","twitter_site":"@damiensoitout","twitter_misc":{"\u00c9crit par":"El Equipo Damien Soitout","Dur\u00e9e de lecture estim\u00e9e":"3 minutes"},"schema":{"@context":"https:\/\/schema.org","@graph":[{"@type":"Article","@id":"https:\/\/damiensoitout.com\/fr\/comment-arreter-pensees-negatives-penser-positif\/#article","isPartOf":{"@id":"https:\/\/damiensoitout.com\/fr\/comment-arreter-pensees-negatives-penser-positif\/"},"author":{"name":"El Equipo Damien Soitout","@id":"https:\/\/damiensoitout.com\/fr\/#\/schema\/person\/8d19b79710a8aa1e4e03b7fbc6e21aa8"},"headline":"Comment arr\u00eater mes pens\u00e9es n\u00e9gatives ?","datePublished":"2026-08-01T20:12:00+00:00","dateModified":"2026-08-13T13:58:08+00:00","mainEntityOfPage":{"@id":"https:\/\/damiensoitout.com\/fr\/comment-arreter-pensees-negatives-penser-positif\/"},"wordCount":628,"publisher":{"@id":"https:\/\/damiensoitout.com\/fr\/#\/schema\/person\/8d19b79710a8aa1e4e03b7fbc6e21aa8"},"image":{"@id":"https:\/\/damiensoitout.com\/fr\/comment-arreter-pensees-negatives-penser-positif\/#primaryimage"},"thumbnailUrl":"https:\/\/damiensoitout.com\/wp-content\/uploads\/2019\/05\/positivethoughts.jpg","articleSection":["D\u00e9veloppement personnel","Sant\u00e9 et style de vie"],"inLanguage":"fr-FR"},{"@type":"WebPage","@id":"https:\/\/damiensoitout.com\/fr\/comment-arreter-pensees-negatives-penser-positif\/","url":"https:\/\/damiensoitout.com\/fr\/comment-arreter-pensees-negatives-penser-positif\/","name":"Comment arr\u00eater les pens\u00e9es n\u00e9gatives et penser positif","isPartOf":{"@id":"https:\/\/damiensoitout.com\/fr\/#website"},"primaryImageOfPage":{"@id":"https:\/\/damiensoitout.com\/fr\/comment-arreter-pensees-negatives-penser-positif\/#primaryimage"},"image":{"@id":"https:\/\/damiensoitout.com\/fr\/comment-arreter-pensees-negatives-penser-positif\/#primaryimage"},"thumbnailUrl":"https:\/\/damiensoitout.com\/wp-content\/uploads\/2019\/05\/positivethoughts.jpg","datePublished":"2026-08-01T20:12:00+00:00","dateModified":"2026-08-13T13:58:08+00:00","description":"Les pens\u00e9es n\u00e9gatives nuisent \u00e0 votre bien-\u00eatre et \u00e0 celui de votre famille. D\u00e9couvrez 5 exercices concrets pour penser positif et transformer votre quotidien.","breadcrumb":{"@id":"https:\/\/damiensoitout.com\/fr\/comment-arreter-pensees-negatives-penser-positif\/#breadcrumb"},"inLanguage":"fr-FR","potentialAction":[{"@type":"ReadAction","target":["https:\/\/damiensoitout.com\/fr\/comment-arreter-pensees-negatives-penser-positif\/"]}]},{"@type":"ImageObject","inLanguage":"fr-FR","@id":"https:\/\/damiensoitout.com\/fr\/comment-arreter-pensees-negatives-penser-positif\/#primaryimage","url":"https:\/\/damiensoitout.com\/wp-content\/uploads\/2019\/05\/positivethoughts.jpg","contentUrl":"https:\/\/damiensoitout.com\/wp-content\/uploads\/2019\/05\/positivethoughts.jpg","width":1900,"height":778,"caption":"pensar de manera positiva"},{"@type":"BreadcrumbList","@id":"https:\/\/damiensoitout.com\/fr\/comment-arreter-pensees-negatives-penser-positif\/#breadcrumb","itemListElement":[{"@type":"ListItem","position":1,"name":"Accueil","item":"https:\/\/damiensoitout.com\/fr\/"},{"@type":"ListItem","position":2,"name":"Sant\u00e9 et style de vie","item":"https:\/\/damiensoitout.com\/fr\/category\/sante-style-de-vie\/"},{"@type":"ListItem","position":3,"name":"Comment arr\u00eater mes pens\u00e9es n\u00e9gatives ?"}]},{"@type":"WebSite","@id":"https:\/\/damiensoitout.com\/fr\/#website","url":"https:\/\/damiensoitout.com\/fr\/","name":"Damien Soitout","description":"","publisher":{"@id":"https:\/\/damiensoitout.com\/fr\/#\/schema\/person\/8d19b79710a8aa1e4e03b7fbc6e21aa8"},"potentialAction":[{"@type":"SearchAction","target":{"@type":"EntryPoint","urlTemplate":"https:\/\/damiensoitout.com\/fr\/?s={search_term_string}"},"query-input":{"@type":"PropertyValueSpecification","valueRequired":true,"valueName":"search_term_string"}}],"inLanguage":"fr-FR"},{"@type":"Person","@id":"https:\/\/damiensoitout.com\/fr\/#\/schema\/person\/8d19b79710a8aa1e4e03b7fbc6e21aa8","name":"Damien Soitout","image":{"@type":"ImageObject","inLanguage":"fr-FR","@id":"https:\/\/damiensoitout.com\/fr\/#\/schema\/person\/image\/","url":"https:\/\/cdn.damiensoitout.com\/wp-content\/uploads\/2020\/11\/13121638\/cropped-faviconds.png","contentUrl":"https:\/\/cdn.damiensoitout.com\/wp-content\/uploads\/2020\/11\/13121638\/cropped-faviconds.png","width":512,"height":512,"caption":"El Equipo Damien Soitout"},"logo":{"@id":"https:\/\/damiensoitout.com\/fr\/#\/schema\/person\/image\/"},"description":"Damien Soitout \u2014 entrepreneur, investor, author and philanthropist. Business mentor and consultant helping companies and entrepreneurs achieve ambitious goals.","sameAs":["https:\/\/damiensoitout.com","https:\/\/facebook.com\/soitoutdamien","https:\/\/instagram.com\/damiensoitout","https:\/\/x.com\/damiensoitout","https:\/\/youtube.com\/damsoi01","https:\/\/es.wikipedia.org\/wiki\/Necesidades_humanas_fundamentales"],"url":"https:\/\/damiensoitout.com\/fr\/","jobTitle":"Entrepreneur, investor, author, philanthropist"}]}},"_links":{"self":[{"href":"https:\/\/damiensoitout.com\/fr\/wp-json\/wp\/v2\/posts\/14064","targetHints":{"allow":["GET"]}}],"collection":[{"href":"https:\/\/damiensoitout.com\/fr\/wp-json\/wp\/v2\/posts"}],"about":[{"href":"https:\/\/damiensoitout.com\/fr\/wp-json\/wp\/v2\/types\/post"}],"author":[{"embeddable":true,"href":"https:\/\/damiensoitout.com\/fr\/wp-json\/wp\/v2\/users\/1"}],"replies":[{"embeddable":true,"href":"https:\/\/damiensoitout.com\/fr\/wp-json\/wp\/v2\/comments?post=14064"}],"version-history":[{"count":1,"href":"https:\/\/damiensoitout.com\/fr\/wp-json\/wp\/v2\/posts\/14064\/revisions"}],"predecessor-version":[{"id":14598,"href":"https:\/\/damiensoitout.com\/fr\/wp-json\/wp\/v2\/posts\/14064\/revisions\/14598"}],"wp:featuredmedia":[{"embeddable":true,"href":"https:\/\/damiensoitout.com\/fr\/wp-json\/wp\/v2\/media\/1603"}],"wp:attachment":[{"href":"https:\/\/damiensoitout.com\/fr\/wp-json\/wp\/v2\/media?parent=14064"}],"wp:term":[{"taxonomy":"category","embeddable":true,"href":"https:\/\/damiensoitout.com\/fr\/wp-json\/wp\/v2\/categories?post=14064"},{"taxonomy":"post_tag","embeddable":true,"href":"https:\/\/damiensoitout.com\/fr\/wp-json\/wp\/v2\/tags?post=14064"}],"curies":[{"name":"wp","href":"https:\/\/api.w.org\/{rel}","templated":true}]}}