{"id":14055,"date":"2026-08-04T14:33:00","date_gmt":"2026-08-04T20:33:00","guid":{"rendered":"https:\/\/damiensoitout.com\/interview-damien-one-tree-planted\/"},"modified":"2026-08-13T07:57:51","modified_gmt":"2026-08-13T13:57:51","slug":"interview-damien-one-tree-planted","status":"publish","type":"post","link":"https:\/\/damiensoitout.com\/fr\/interview-damien-one-tree-planted\/","title":{"rendered":"Interview : Damien &#038; One Tree Planted"},"content":{"rendered":"<p>En avril 2019, Damien s\u2019est officiellement engag\u00e9 pour la cause environnementale en s\u2019associant \u00e0 <span style=\"color: #0000ff;\"><a style=\"color: #0000ff;\" href=\"https:\/\/damiensoitout.com\/fr\/contributions\/one-tree-planted\/\" target=\"_blank\" rel=\"noopener noreferrer\">One Tree Planted<\/a><\/span> afin de combattre la d\u00e9forestation sur la plan\u00e8te.<\/p>\n<p>OTP est une fondation am\u00e9ricaine qui se consacre \u00e0 la plantation d\u2019arbres sur tous les continents. Le principe est tr\u00e8s simple : un arbre est plant\u00e9 pour chaque dollar re\u00e7u en dons.<\/p>\n<p style=\"text-align: center;\"><em>Sponsored*<\/em><\/p>\n<h2>Questions-r\u00e9ponses de l\u2019\u00e9quipe avec Damien sur ce nouveau d\u00e9fi :<\/h2>\n<h4>1- Pourquoi t\u2019associer \u00e0 la cause de l\u2019environnement ?<\/h4>\n<p>\u00c0 mon sens, deux ressources permettent \u00e0 l\u2019humanit\u00e9 de durer sur la plan\u00e8te. La premi\u00e8re, c\u2019est l\u2019environnement : sans lui, on ne peut pas survivre, et il est d\u00e9j\u00e0 tr\u00e8s ab\u00eem\u00e9. La situation empire.<\/p>\n<h4>2- Quelle est l\u2019autre ressource ?<\/h4>\n<p>Ce sont les enfants. Mais je suis encore en train de finaliser un partenariat avec une fondation ici au Mexique.<\/p>\n<h4>3- Depuis combien de temps la cause environnementale compte-t-elle pour toi ?<\/h4>\n<p>Depuis tr\u00e8s longtemps, vraiment, depuis l\u2019enfance je crois. J\u2019ai \u00e9t\u00e9 scout pendant de nombreuses ann\u00e9es et j\u2019ai toujours eu un attachement pour la nature. Parmi les activit\u00e9s des camps d\u2019\u00e9t\u00e9, on nettoyait for\u00eats, rivi\u00e8res, chemins en p\u00e9riph\u00e9rie, etc. Je pense que tout a commenc\u00e9 \u00e0 cette \u00e9poque.<\/p>\n<h4>4- Tu as une famille : comment \u00e9duques-tu tes filles \u00e0 ces valeurs ?<\/h4>\n<p>D\u2019abord, les enfants reproduisent le comportement de leurs parents, les mauvaises habitudes comme les bonnes. S\u2019ils laissent quelque chose par terre \u00e0 la maison, je ne les laisse pas partir avant qu\u2019ils le ramassent et le jettent \u00e0 la poubelle. \u00c0 la plage, s\u2019il y a des d\u00e9chets autour de moi, je les ramasse et je les mets \u00e0 la poubelle ; je ne jette jamais de papiers dans la rue, etc. L\u2019\u00e9cole que nous avons choisie pour elles est aussi tr\u00e8s ax\u00e9e l\u00e0-dessus. Elles ont des programmes pour sensibiliser les enfants aux changements climatiques, \u00e0 l\u2019impact des d\u00e9chets sur les \u00e9cosyst\u00e8mes, etc.<\/p>\n<h4>5- Il existe plusieurs fondations qui agissent pour l\u2019environnement : pourquoi One Tree Planted ?<\/h4>\n<p>J\u2019ai cherch\u00e9 un bon moment avec qui m\u2019associer. J\u2019ai trouv\u00e9 One Tree Planted en ligne, mon \u00e9quipe les a contact\u00e9s et nous avons organis\u00e9 un appel vid\u00e9o pour faire connaissance et discuter en d\u00e9tail. J\u2019avais approch\u00e9 plusieurs structures, mais c\u2019\u00e9taient souvent d\u2019\u00e9normes fondations qui g\u00e8rent des dons si importants qu\u2019elles n\u2019ont plus vraiment besoin d\u2019aide. Je voulais cette \u00e9quipe parce qu\u2019elle est jeune, dynamique, tr\u00e8s engag\u00e9e, avec un programme bien construit, et que, malgr\u00e9 le soutien de grandes entreprises et marques, elle reste une fondation relativement petite, qui consacre une part bien plus \u00e9lev\u00e9e \u00e0 la plantation d\u2019arbres qu\u2019\u00e0 l\u2019administratif. Je crois qu\u2019il est important d\u2019aider les plus petites \u00e0 grandir, d\u00e8s lors qu\u2019elles le m\u00e9ritent, comme eux.<\/p>\n<h4>6- Comment sont g\u00e9r\u00e9s les dons ?<\/h4>\n<p>C\u2019est tr\u00e8s simple : la fondation a une page d\u00e9di\u00e9e \u00e0 mon nom o\u00f9 les gens peuvent donner. Elle est reli\u00e9e \u00e0 mon site web, sous le menu \u00ab Contributions \u00bb, ou une fois l\u2019interview publi\u00e9e vous pourrez cliquer sur le lien direct de la <span style=\"color: #0000ff;\"><a style=\"color: #0000ff;\" href=\"https:\/\/damiensoitout.com\/fr\/contributions\/one-tree-planted\/\" target=\"_blank\" rel=\"noopener noreferrer\">page de collecte de fonds et de pr\u00e9sentation d\u2019OTP<\/a><\/span>. Nous ne recevons rien directement : chaque paiement part droit \u00e0 la fondation et vous pouvez donner d\u00e8s 1 USD. Vous pouvez aussi mettre en place un don mensuel r\u00e9current si vous le souhaitez.<\/p>\n<h4>7- Allez-vous planter ici au Mexique ?<\/h4>\n<p>Je suis en discussion avec des bureaux gouvernementaux de l\u2019EDOMEX et de Mexico. One Tree Planted n\u2019a pas encore de partenaire pour planter au Mexique, mais si tout se passe bien, avec ces interlocuteurs ils pourront commencer \u00e0 choisir des zones et fournir le mat\u00e9riel de plantation. L\u2019id\u00e9e est d\u2019aider le Mexique et toutes les autres r\u00e9gions o\u00f9 c\u2019est n\u00e9cessaire. L\u2019environnement change \u00e0 l\u2019\u00e9chelle mondiale. C\u2019est un effort international.<\/p>\n<p><span style=\"text-decoration: underline;\"><strong>L\u2019\u00e9quipe Damien.Soitout<\/strong><\/span><\/p>\n","protected":false},"excerpt":{"rendered":"excerpt","protected":false},"author":1,"featured_media":0,"comment_status":"closed","ping_status":"closed","sticky":false,"template":"","format":"standard","meta":{"episode_type":"","audio_file":"","podmotor_file_id":"","podmotor_episode_id":"","cover_image":"","cover_image_id":"","duration":"","filesize":"","filesize_raw":"","date_recorded":"","explicit":"","block":"","itunes_episode_number":"","itunes_title":"","itunes_season_number":"","itunes_episode_type":"","footnotes":""},"categories":[3968],"tags":[],"class_list":["post-14055","post","type-post","status-publish","format-standard","hentry","category-nouvelles"],"yoast_head":"<!-- This site is optimized with the Yoast SEO Premium plugin v24.3 (Yoast SEO v25.8) - https:\/\/yoast.com\/wordpress\/plugins\/seo\/ -->\n<title>Interview Damien &amp; One Tree Planted | Engagement \u00e9cologique<\/title>\n<meta name=\"description\" content=\"Interview de l\u2019\u00e9quipe de Damien Soitout avec Damien sur son engagement avec One Tree Planted pour lutter contre la d\u00e9forestation dans le monde.\" \/>\n<meta name=\"robots\" content=\"index, follow, max-snippet:-1, max-image-preview:large, max-video-preview:-1\" \/>\n<link rel=\"canonical\" href=\"https:\/\/damiensoitout.com\/fr\/interview-damien-one-tree-planted\/\" \/>\n<meta property=\"og:locale\" content=\"fr_FR\" \/>\n<meta property=\"og:type\" content=\"article\" \/>\n<meta property=\"og:title\" content=\"Interview Damien &amp; One Tree Planted | Engagement \u00e9cologique\" \/>\n<meta property=\"og:description\" content=\"Interview de l\u2019\u00e9quipe de Damien Soitout avec Damien sur son engagement avec One Tree Planted pour lutter contre la d\u00e9forestation dans le monde.\" \/>\n<meta property=\"og:url\" content=\"https:\/\/damiensoitout.com\/fr\/interview-damien-one-tree-planted\/\" \/>\n<meta property=\"og:site_name\" content=\"Damien Soitout\" \/>\n<meta property=\"article:publisher\" content=\"https:\/\/facebook.com\/soitoutdamien\" \/>\n<meta property=\"article:author\" content=\"https:\/\/facebook.com\/soitoutdamien\" \/>\n<meta property=\"article:published_time\" content=\"2026-08-04T20:33:00+00:00\" \/>\n<meta property=\"article:modified_time\" content=\"2026-08-13T13:57:51+00:00\" \/>\n<meta property=\"og:image\" content=\"https:\/\/damiensoitout.com\/wp-content\/uploads\/2019\/05\/otpds.jpg\" \/>\n<meta name=\"author\" content=\"El Equipo Damien Soitout\" \/>\n<meta name=\"twitter:card\" content=\"summary_large_image\" \/>\n<meta name=\"twitter:title\" content=\"Interview Damien &amp; One Tree Planted | Engagement \u00e9cologique\" \/>\n<meta name=\"twitter:description\" content=\"Interview de l\u2019\u00e9quipe de Damien Soitout avec Damien sur son engagement avec One Tree Planted pour lutter contre la d\u00e9forestation dans le monde.\" \/>\n<meta name=\"twitter:image\" content=\"https:\/\/damiensoitout.com\/wp-content\/uploads\/2019\/05\/otpds.jpg\" \/>\n<meta name=\"twitter:creator\" content=\"@damiensoitout\" \/>\n<meta name=\"twitter:site\" content=\"@damiensoitout\" \/>\n<meta name=\"twitter:label1\" content=\"\u00c9crit par\" \/>\n\t<meta name=\"twitter:data1\" content=\"El Equipo Damien Soitout\" \/>\n\t<meta name=\"twitter:label2\" content=\"Dur\u00e9e de lecture estim\u00e9e\" \/>\n\t<meta name=\"twitter:data2\" content=\"3 minutes\" \/>\n<script type=\"application\/ld+json\" class=\"yoast-schema-graph\">{\"@context\":\"https:\/\/schema.org\",\"@graph\":[{\"@type\":\"Article\",\"@id\":\"https:\/\/damiensoitout.com\/fr\/interview-damien-one-tree-planted\/#article\",\"isPartOf\":{\"@id\":\"https:\/\/damiensoitout.com\/fr\/interview-damien-one-tree-planted\/\"},\"author\":{\"name\":\"El Equipo Damien Soitout\",\"@id\":\"https:\/\/damiensoitout.com\/fr\/#\/schema\/person\/8d19b79710a8aa1e4e03b7fbc6e21aa8\"},\"headline\":\"Interview : Damien &#038; One Tree Planted\",\"datePublished\":\"2026-08-04T20:33:00+00:00\",\"dateModified\":\"2026-08-13T13:57:51+00:00\",\"mainEntityOfPage\":{\"@id\":\"https:\/\/damiensoitout.com\/fr\/interview-damien-one-tree-planted\/\"},\"wordCount\":683,\"publisher\":{\"@id\":\"https:\/\/damiensoitout.com\/fr\/#\/schema\/person\/8d19b79710a8aa1e4e03b7fbc6e21aa8\"},\"articleSection\":[\"Actualit\u00e9s\"],\"inLanguage\":\"fr-FR\"},{\"@type\":\"WebPage\",\"@id\":\"https:\/\/damiensoitout.com\/fr\/interview-damien-one-tree-planted\/\",\"url\":\"https:\/\/damiensoitout.com\/fr\/interview-damien-one-tree-planted\/\",\"name\":\"Interview Damien & One Tree Planted | Engagement \u00e9cologique\",\"isPartOf\":{\"@id\":\"https:\/\/damiensoitout.com\/fr\/#website\"},\"datePublished\":\"2026-08-04T20:33:00+00:00\",\"dateModified\":\"2026-08-13T13:57:51+00:00\",\"description\":\"Interview de l\u2019\u00e9quipe de Damien Soitout avec Damien sur son engagement avec One Tree Planted pour lutter contre la d\u00e9forestation dans le monde.\",\"breadcrumb\":{\"@id\":\"https:\/\/damiensoitout.com\/fr\/interview-damien-one-tree-planted\/#breadcrumb\"},\"inLanguage\":\"fr-FR\",\"potentialAction\":[{\"@type\":\"ReadAction\",\"target\":[\"https:\/\/damiensoitout.com\/fr\/interview-damien-one-tree-planted\/\"]}]},{\"@type\":\"BreadcrumbList\",\"@id\":\"https:\/\/damiensoitout.com\/fr\/interview-damien-one-tree-planted\/#breadcrumb\",\"itemListElement\":[{\"@type\":\"ListItem\",\"position\":1,\"name\":\"Accueil\",\"item\":\"https:\/\/damiensoitout.com\/fr\/\"},{\"@type\":\"ListItem\",\"position\":2,\"name\":\"Actualit\u00e9s\",\"item\":\"https:\/\/damiensoitout.com\/fr\/category\/nouvelles\/\"},{\"@type\":\"ListItem\",\"position\":3,\"name\":\"Interview : Damien &#038; One Tree Planted\"}]},{\"@type\":\"WebSite\",\"@id\":\"https:\/\/damiensoitout.com\/fr\/#website\",\"url\":\"https:\/\/damiensoitout.com\/fr\/\",\"name\":\"Damien Soitout\",\"description\":\"\",\"publisher\":{\"@id\":\"https:\/\/damiensoitout.com\/fr\/#\/schema\/person\/8d19b79710a8aa1e4e03b7fbc6e21aa8\"},\"potentialAction\":[{\"@type\":\"SearchAction\",\"target\":{\"@type\":\"EntryPoint\",\"urlTemplate\":\"https:\/\/damiensoitout.com\/fr\/?s={search_term_string}\"},\"query-input\":{\"@type\":\"PropertyValueSpecification\",\"valueRequired\":true,\"valueName\":\"search_term_string\"}}],\"inLanguage\":\"fr-FR\"},{\"@type\":\"Person\",\"@id\":\"https:\/\/damiensoitout.com\/fr\/#\/schema\/person\/8d19b79710a8aa1e4e03b7fbc6e21aa8\",\"name\":\"Damien Soitout\",\"image\":{\"@type\":\"ImageObject\",\"inLanguage\":\"fr-FR\",\"@id\":\"https:\/\/damiensoitout.com\/fr\/#\/schema\/person\/image\/\",\"url\":\"https:\/\/cdn.damiensoitout.com\/wp-content\/uploads\/2020\/11\/13121638\/cropped-faviconds.png\",\"contentUrl\":\"https:\/\/cdn.damiensoitout.com\/wp-content\/uploads\/2020\/11\/13121638\/cropped-faviconds.png\",\"width\":512,\"height\":512,\"caption\":\"El Equipo Damien Soitout\"},\"logo\":{\"@id\":\"https:\/\/damiensoitout.com\/fr\/#\/schema\/person\/image\/\"},\"description\":\"Damien Soitout \u2014 entrepreneur, investor, author and philanthropist. Business mentor and consultant helping companies and entrepreneurs achieve ambitious goals.\",\"sameAs\":[\"https:\/\/damiensoitout.com\",\"https:\/\/facebook.com\/soitoutdamien\",\"https:\/\/instagram.com\/damiensoitout\",\"https:\/\/x.com\/damiensoitout\",\"https:\/\/youtube.com\/damsoi01\",\"https:\/\/es.wikipedia.org\/wiki\/Necesidades_humanas_fundamentales\"],\"url\":\"https:\/\/damiensoitout.com\/fr\/\",\"jobTitle\":\"Entrepreneur, investor, author, philanthropist\"}]}<\/script>\n<!-- \/ Yoast SEO Premium plugin. -->","yoast_head_json":{"title":"Interview Damien & One Tree Planted | Engagement \u00e9cologique","description":"Interview de l\u2019\u00e9quipe de Damien Soitout avec Damien sur son engagement avec One Tree Planted pour lutter contre la d\u00e9forestation dans le monde.","robots":{"index":"index","follow":"follow","max-snippet":"max-snippet:-1","max-image-preview":"max-image-preview:large","max-video-preview":"max-video-preview:-1"},"canonical":"https:\/\/damiensoitout.com\/fr\/interview-damien-one-tree-planted\/","og_locale":"fr_FR","og_type":"article","og_title":"Interview Damien & One Tree Planted | Engagement \u00e9cologique","og_description":"Interview de l\u2019\u00e9quipe de Damien Soitout avec Damien sur son engagement avec One Tree Planted pour lutter contre la d\u00e9forestation dans le monde.","og_url":"https:\/\/damiensoitout.com\/fr\/interview-damien-one-tree-planted\/","og_site_name":"Damien Soitout","article_publisher":"https:\/\/facebook.com\/soitoutdamien","article_author":"https:\/\/facebook.com\/soitoutdamien","article_published_time":"2026-08-04T20:33:00+00:00","article_modified_time":"2026-08-13T13:57:51+00:00","og_image":[{"url":"https:\/\/damiensoitout.com\/wp-content\/uploads\/2019\/05\/otpds.jpg","type":"","width":"","height":""}],"author":"El Equipo Damien Soitout","twitter_card":"summary_large_image","twitter_title":"Interview Damien & One Tree Planted | Engagement \u00e9cologique","twitter_description":"Interview de l\u2019\u00e9quipe de Damien Soitout avec Damien sur son engagement avec One Tree Planted pour lutter contre la d\u00e9forestation dans le monde.","twitter_image":"https:\/\/damiensoitout.com\/wp-content\/uploads\/2019\/05\/otpds.jpg","twitter_creator":"@damiensoitout","twitter_site":"@damiensoitout","twitter_misc":{"\u00c9crit par":"El Equipo Damien Soitout","Dur\u00e9e de lecture estim\u00e9e":"3 minutes"},"schema":{"@context":"https:\/\/schema.org","@graph":[{"@type":"Article","@id":"https:\/\/damiensoitout.com\/fr\/interview-damien-one-tree-planted\/#article","isPartOf":{"@id":"https:\/\/damiensoitout.com\/fr\/interview-damien-one-tree-planted\/"},"author":{"name":"El Equipo Damien Soitout","@id":"https:\/\/damiensoitout.com\/fr\/#\/schema\/person\/8d19b79710a8aa1e4e03b7fbc6e21aa8"},"headline":"Interview : Damien &#038; One Tree Planted","datePublished":"2026-08-04T20:33:00+00:00","dateModified":"2026-08-13T13:57:51+00:00","mainEntityOfPage":{"@id":"https:\/\/damiensoitout.com\/fr\/interview-damien-one-tree-planted\/"},"wordCount":683,"publisher":{"@id":"https:\/\/damiensoitout.com\/fr\/#\/schema\/person\/8d19b79710a8aa1e4e03b7fbc6e21aa8"},"articleSection":["Actualit\u00e9s"],"inLanguage":"fr-FR"},{"@type":"WebPage","@id":"https:\/\/damiensoitout.com\/fr\/interview-damien-one-tree-planted\/","url":"https:\/\/damiensoitout.com\/fr\/interview-damien-one-tree-planted\/","name":"Interview Damien & One Tree Planted | Engagement \u00e9cologique","isPartOf":{"@id":"https:\/\/damiensoitout.com\/fr\/#website"},"datePublished":"2026-08-04T20:33:00+00:00","dateModified":"2026-08-13T13:57:51+00:00","description":"Interview de l\u2019\u00e9quipe de Damien Soitout avec Damien sur son engagement avec One Tree Planted pour lutter contre la d\u00e9forestation dans le monde.","breadcrumb":{"@id":"https:\/\/damiensoitout.com\/fr\/interview-damien-one-tree-planted\/#breadcrumb"},"inLanguage":"fr-FR","potentialAction":[{"@type":"ReadAction","target":["https:\/\/damiensoitout.com\/fr\/interview-damien-one-tree-planted\/"]}]},{"@type":"BreadcrumbList","@id":"https:\/\/damiensoitout.com\/fr\/interview-damien-one-tree-planted\/#breadcrumb","itemListElement":[{"@type":"ListItem","position":1,"name":"Accueil","item":"https:\/\/damiensoitout.com\/fr\/"},{"@type":"ListItem","position":2,"name":"Actualit\u00e9s","item":"https:\/\/damiensoitout.com\/fr\/category\/nouvelles\/"},{"@type":"ListItem","position":3,"name":"Interview : Damien &#038; One Tree Planted"}]},{"@type":"WebSite","@id":"https:\/\/damiensoitout.com\/fr\/#website","url":"https:\/\/damiensoitout.com\/fr\/","name":"Damien Soitout","description":"","publisher":{"@id":"https:\/\/damiensoitout.com\/fr\/#\/schema\/person\/8d19b79710a8aa1e4e03b7fbc6e21aa8"},"potentialAction":[{"@type":"SearchAction","target":{"@type":"EntryPoint","urlTemplate":"https:\/\/damiensoitout.com\/fr\/?s={search_term_string}"},"query-input":{"@type":"PropertyValueSpecification","valueRequired":true,"valueName":"search_term_string"}}],"inLanguage":"fr-FR"},{"@type":"Person","@id":"https:\/\/damiensoitout.com\/fr\/#\/schema\/person\/8d19b79710a8aa1e4e03b7fbc6e21aa8","name":"Damien Soitout","image":{"@type":"ImageObject","inLanguage":"fr-FR","@id":"https:\/\/damiensoitout.com\/fr\/#\/schema\/person\/image\/","url":"https:\/\/cdn.damiensoitout.com\/wp-content\/uploads\/2020\/11\/13121638\/cropped-faviconds.png","contentUrl":"https:\/\/cdn.damiensoitout.com\/wp-content\/uploads\/2020\/11\/13121638\/cropped-faviconds.png","width":512,"height":512,"caption":"El Equipo Damien Soitout"},"logo":{"@id":"https:\/\/damiensoitout.com\/fr\/#\/schema\/person\/image\/"},"description":"Damien Soitout \u2014 entrepreneur, investor, author and philanthropist. Business mentor and consultant helping companies and entrepreneurs achieve ambitious goals.","sameAs":["https:\/\/damiensoitout.com","https:\/\/facebook.com\/soitoutdamien","https:\/\/instagram.com\/damiensoitout","https:\/\/x.com\/damiensoitout","https:\/\/youtube.com\/damsoi01","https:\/\/es.wikipedia.org\/wiki\/Necesidades_humanas_fundamentales"],"url":"https:\/\/damiensoitout.com\/fr\/","jobTitle":"Entrepreneur, investor, author, philanthropist"}]}},"_links":{"self":[{"href":"https:\/\/damiensoitout.com\/fr\/wp-json\/wp\/v2\/posts\/14055","targetHints":{"allow":["GET"]}}],"collection":[{"href":"https:\/\/damiensoitout.com\/fr\/wp-json\/wp\/v2\/posts"}],"about":[{"href":"https:\/\/damiensoitout.com\/fr\/wp-json\/wp\/v2\/types\/post"}],"author":[{"embeddable":true,"href":"https:\/\/damiensoitout.com\/fr\/wp-json\/wp\/v2\/users\/1"}],"replies":[{"embeddable":true,"href":"https:\/\/damiensoitout.com\/fr\/wp-json\/wp\/v2\/comments?post=14055"}],"version-history":[{"count":1,"href":"https:\/\/damiensoitout.com\/fr\/wp-json\/wp\/v2\/posts\/14055\/revisions"}],"predecessor-version":[{"id":14582,"href":"https:\/\/damiensoitout.com\/fr\/wp-json\/wp\/v2\/posts\/14055\/revisions\/14582"}],"wp:attachment":[{"href":"https:\/\/damiensoitout.com\/fr\/wp-json\/wp\/v2\/media?parent=14055"}],"wp:term":[{"taxonomy":"category","embeddable":true,"href":"https:\/\/damiensoitout.com\/fr\/wp-json\/wp\/v2\/categories?post=14055"},{"taxonomy":"post_tag","embeddable":true,"href":"https:\/\/damiensoitout.com\/fr\/wp-json\/wp\/v2\/tags?post=14055"}],"curies":[{"name":"wp","href":"https:\/\/api.w.org\/{rel}","templated":true}]}}