{"id":14024,"date":"2026-08-09T10:52:00","date_gmt":"2026-08-09T16:52:00","guid":{"rendered":"https:\/\/damiensoitout.com\/augmente-ta-confiance-en-toi-et-ton-estime-de-soi\/"},"modified":"2026-08-13T07:56:59","modified_gmt":"2026-08-13T13:56:59","slug":"augmente-ta-confiance-en-toi-et-ton-estime-de-soi","status":"publish","type":"post","link":"https:\/\/damiensoitout.com\/fr\/augmente-ta-confiance-en-toi-et-ton-estime-de-soi\/","title":{"rendered":"Augmente ta confiance en toi et ton estime de soi"},"content":{"rendered":"<p>La confiance en soi et l\u2019estime de soi ne viennent pas naturellement \u00e0 la plupart des gens. Il faut les travailler et les pratiquer comme n\u2019importe quel autre aspect de ta vie et de ta personnalit\u00e9. Beaucoup de mes clients me demandent par exemple comment je fais pour avoir cette \u00e9nergie et cette assurance en parlant avec des entrepreneurs de tr\u00e8s haut niveau, des artistes ou des athl\u00e8tes connus, alors que je n\u2019\u00e9tais encore qu\u2019au d\u00e9but de ma visibilit\u00e9 aupr\u00e8s du grand public.<\/p>\n<p>Je leur r\u00e9ponds toujours la m\u00eame chose. Enfant, j\u2019\u00e9tais le plus petit de mes amis, celui qui a mis le plus de temps \u00e0 grandir et \u00e0 m\u00fbrir. Mais m\u2019entourer d\u2019amis plus grands, plus intelligents, plus forts et plus visionnaires m\u2019a aid\u00e9 \u00e0 changer mon regard sur le monde et sur moi-m\u00eame. Ce n\u2019est pas arriv\u00e9 du jour au lendemain. J\u2019\u00e9tais timide pour parler en public jusqu\u2019\u00e0 15 ou 16 ans. Aujourd\u2019hui, cela ne me g\u00eane plus du tout. Pourquoi ? Parce que j\u2019ai pratiqu\u00e9, et que j\u2019ai appris \u00e0 accepter qu\u2019on n\u2019arr\u00eate jamais d\u2019apprendre et de grandir, qu\u2019on ne peut pas tout savoir, et que c\u2019est parfaitement normal de ne pas savoir quelque chose.<\/p>\n<p style=\"text-align: center;\"><em>Sponsored*<\/em><\/p>\n<h2>1- Commence par ton image personnelle<\/h2>\n<p>Tout commence par la fa\u00e7on dont tu te per\u00e7ois. Il est essentiel de te sentir bien dans ta peau et dans tes v\u00eatements. Comme le r\u00e9p\u00e8te souvent l\u2019un de mes associ\u00e9s : \u00ab on copie tous quelqu\u2019un qu\u2019on admire \u00bb. Cela signifie que si tu admires le style vestimentaire d\u2019une personne, tu as le droit d\u2019en tirer des id\u00e9es. Tu dois construire une image qui a du sens pour toi, dans laquelle tu te sens vraiment \u00e0 l\u2019aise.<\/p>\n<p>Il est aussi important de soigner ta peau, tes cheveux et tous ces d\u00e9tails. Cela peut sembler beaucoup, mais en r\u00e9alit\u00e9 ce n\u2019est rien. Fait chaque jour, cela ne prend que quelques minutes le matin et tient toute la journ\u00e9e. Quand tu te sens bien dans ton corps et dans tes habits, tu es d\u00e9j\u00e0 un pas plus pr\u00e8s d\u2019augmenter ton estime de soi et ta confiance en toi.<\/p>\n<h2>2- Mets la n\u00e9gativit\u00e9 de c\u00f4t\u00e9<\/h2>\n<p>Il faut accepter que tout le monde ne sera pas d\u2019accord avec toi. Que ce soit en affaires ou dans ta vie personnelle, il est impossible de plaire \u00e0 tout le monde. Ne laisse donc pas les commentaires n\u00e9gatifs te toucher. Concentre-toi plut\u00f4t sur le positif. Et si quelqu\u2019un te fait une critique, ne l\u2019\u00e9coute que si elle est constructive et t\u2019aide vraiment \u00e0 progresser.<\/p>\n<h2>3- Sois bienveillant et g\u00e9n\u00e9reux<\/h2>\n<p>\u00catre bienveillant avec les autres, et g\u00e9n\u00e9reux avec toi-m\u00eame, avec ton temps et avec ce que tu as, est un excellent moyen d\u2019am\u00e9liorer l\u2019image que tu as de toi. Tu agis selon la <a href=\"https:\/\/es.wikipedia.org\/wiki\/Regla_de_oro_(%C3%A9tica)\" target=\"_blank\" rel=\"noopener noreferrer\">R\u00e8gle d\u2019or<\/a>, tu commences \u00e0 te sentir bien avec toi-m\u00eame et \u00e0 te consid\u00e9rer comme une bonne personne. Cela fait des merveilles pour ta confiance en toi, crois-moi.<\/p>\n<h2>4- D\u00e9veloppe tes comp\u00e9tences<\/h2>\n<p>Comment d\u00e9velopper tes comp\u00e9tences ? En faisant plus de choses. Et comment y arriver ? En \u00e9tudiant et en pratiquant. Avance par petits pas. Si tu veux devenir un meilleur \u00e9crivain, par exemple, n\u2019essaie pas de tout ma\u00eetriser d\u2019un coup. Commence simplement \u00e0 \u00e9crire un peu plus chaque jour : journal, blog, nouvelles, missions freelance. Plus tu \u00e9cris, meilleur tu deviens. R\u00e9serve 30 minutes par jour \u00e0 l\u2019\u00e9criture (par exemple) et la pratique renforcera ta comp\u00e9tence. Cela s\u2019applique \u00e0 n\u2019importe quel domaine de ta vie.<\/p>\n<h2>5- Fais du sport<\/h2>\n<p>Je me r\u00e9p\u00e8te d\u2019un article \u00e0 l\u2019autre, mais c\u2019est fondamental. L\u2019exercice a \u00e9t\u00e9 l\u2019une de mes activit\u00e9s les plus puissantes et m\u2019a permis de me sentir bien mieux avec moi-m\u00eame.<\/p>\n<p>Il suffit de sortir marcher quelques fois par semaine pour en ressentir les bienfaits. Installe l\u2019habitude.<\/p>\n<h2>6- Organise-toi<\/h2>\n<p>Que ce soit ton bureau, ton placard, ta maison, ta voiture, ton agenda ou tes contacts\u2026 Organise ta vie. Quand tu reprends le contr\u00f4le de tout ce qui te fait perdre du temps, te stresse, te retarde ou t\u2019emp\u00eache de tenir tes engagements envers clients ou amis, tu te sens plus en confiance avec toi-m\u00eame. Cela para\u00eet logique, pourtant je connais tr\u00e8s peu de gens, surtout en Am\u00e9rique latine, qui ont une vie vraiment organis\u00e9e.<\/p>\n<h2>7- Reste actif<\/h2>\n<p>Faire quelque chose est presque toujours mieux que de ne rien faire. Bien s\u00fbr, agir peut mener \u00e0 des erreurs. Mais les erreurs font partie de la vie. C\u2019est ainsi qu\u2019on apprend. Sans erreurs, on ne pourrait jamais progresser. Alors ne t\u2019en inqui\u00e8te pas. Agis, l\u00e8ve-toi et reste actif, physiquement ou mentalement, en avan\u00e7ant vers un objectif. Cela peut \u00eatre quelque chose que tu as procrastin\u00e9, ou quelque chose que tu n\u2019imaginais m\u00eame pas pouvoir accomplir.<\/p>\n<h2>8- Fais davantage de choses que tu aimes<\/h2>\n<p>Il est facile de se perdre dans les obligations d\u2019un travail, d\u2019un client, d\u2019une famille\u2026 Mais il est essentiel d\u2019apprendre \u00e0 dire le mot <strong>NON<\/strong>. En voulant plaire \u00e0 tout le monde, tu oublies de te faire plaisir \u00e0 toi-m\u00eame, et c\u2019est fatal pour ton bien-\u00eatre. Commence \u00e0 refuser des missions, des propositions ou des invitations pour consacrer plus de temps \u00e0 ton bien-\u00eatre et \u00e0 ta sant\u00e9 mentale. Profite de la vie : on n\u2019en a qu\u2019une, et elle est courte.<\/p>\n<h2>9- N\u2019accepte pas l\u2019\u00e9chec et fais taire les voix n\u00e9gatives dans ta t\u00eate<\/h2>\n<p>N\u2019abandonne jamais, n\u2019accepte jamais l\u2019\u00e9chec. Il y a une solution \u00e0 tout, alors pourquoi jeter l\u2019\u00e9ponge ? Fais-en ton nouveau mantra. R\u00e9ussir face \u00e0 une grande adversit\u00e9 est un formidable boost de confiance.<\/p>\n<p>Le manque de confiance en soi vient souvent des pens\u00e9es n\u00e9gatives qui tournent en boucle dans notre t\u00eate. Si tu te rabaisse sans cesse en te disant que tu n\u2019es pas assez bien, pas assez attirant, pas assez intelligent ou athl\u00e9tique, tu cr\u00e9es une proph\u00e9tie auto-r\u00e9alisatrice. Tu deviens ce que tu te r\u00e9p\u00e8tes int\u00e9rieurement, et ce n\u2019est pas bon. La prochaine fois que tu entends cette n\u00e9gativit\u00e9, transforme-la imm\u00e9diatement en affirmation positive et tiens-la jusqu\u2019\u00e0 ressentir un vrai regain de confiance en toi.<\/p>\n<h2>10- Questionnement et introspection<\/h2>\n<p>Il est important de prendre du temps pour r\u00e9fl\u00e9chir sur toi-m\u00eame. Je le fais au moins une fois par semaine. Cela m\u2019aide \u00e0 analyser les situations, mes r\u00e9actions, la fa\u00e7on dont les choses se sont d\u00e9roul\u00e9es et ce que j\u2019aurais pu dire ou faire de mieux. Cherche toujours \u00e0 t\u2019am\u00e9liorer pour te conna\u00eetre vraiment. Si tu ne sais pas qui tu es, les autres ne le sauront pas non plus et peuvent se faire une id\u00e9e fausse de toi. Comme le dit le c\u00e9l\u00e8bre adage : \u00ab Comment aimer quelqu\u2019un si tu ne t\u2019aimes pas toi-m\u00eame ? \u00bb.<\/p>\n<p>&nbsp;<\/p>\n","protected":false},"excerpt":{"rendered":"excerpt","protected":false},"author":1,"featured_media":1276,"comment_status":"closed","ping_status":"closed","sticky":false,"template":"","format":"standard","meta":{"episode_type":"","audio_file":"","podmotor_file_id":"","podmotor_episode_id":"","cover_image":"","cover_image_id":"","duration":"","filesize":"","filesize_raw":"","date_recorded":"","explicit":"","block":"","itunes_episode_number":"","itunes_title":"","itunes_season_number":"","itunes_episode_type":"","footnotes":""},"categories":[3974],"tags":[],"class_list":["post-14024","post","type-post","status-publish","format-standard","has-post-thumbnail","hentry","category-developpement-personnel"],"yoast_head":"<!-- This site is optimized with the Yoast SEO Premium plugin v24.3 (Yoast SEO v25.8) - https:\/\/yoast.com\/wordpress\/plugins\/seo\/ -->\n<title>Augmente ta confiance en toi et ton estime de soi | Damien Soitout<\/title>\n<meta name=\"description\" content=\"La confiance en soi et l\u2019estime de soi se travaillent. 10 conseils concrets de Damien Soitout pour renforcer ton auto-confiance au quotidien.\" \/>\n<meta name=\"robots\" content=\"index, follow, max-snippet:-1, max-image-preview:large, max-video-preview:-1\" \/>\n<link rel=\"canonical\" href=\"https:\/\/damiensoitout.com\/fr\/augmente-ta-confiance-en-toi-et-ton-estime-de-soi\/\" \/>\n<meta property=\"og:locale\" content=\"fr_FR\" \/>\n<meta property=\"og:type\" content=\"article\" \/>\n<meta property=\"og:title\" content=\"Augmente ta confiance en toi et ton estime de soi | Damien Soitout\" \/>\n<meta property=\"og:description\" content=\"La confiance en soi et l\u2019estime de soi se travaillent. 10 conseils concrets de Damien Soitout pour renforcer ton auto-confiance au quotidien.\" \/>\n<meta property=\"og:url\" content=\"https:\/\/damiensoitout.com\/fr\/augmente-ta-confiance-en-toi-et-ton-estime-de-soi\/\" \/>\n<meta property=\"og:site_name\" content=\"Damien Soitout\" \/>\n<meta property=\"article:publisher\" content=\"https:\/\/facebook.com\/soitoutdamien\" \/>\n<meta property=\"article:author\" content=\"https:\/\/facebook.com\/soitoutdamien\" \/>\n<meta property=\"article:published_time\" content=\"2026-08-09T16:52:00+00:00\" \/>\n<meta property=\"article:modified_time\" content=\"2026-08-13T13:56:59+00:00\" \/>\n<meta property=\"og:image\" content=\"https:\/\/damiensoitout.com\/wp-content\/uploads\/2019\/04\/selfconfidence.jpg\" \/>\n<meta name=\"author\" content=\"El Equipo Damien Soitout\" \/>\n<meta name=\"twitter:card\" content=\"summary_large_image\" \/>\n<meta name=\"twitter:title\" content=\"Augmente ta confiance en toi et ton estime de soi | Damien Soitout\" \/>\n<meta name=\"twitter:description\" content=\"La confiance en soi et l\u2019estime de soi se travaillent. 10 conseils concrets de Damien Soitout pour renforcer ton auto-confiance au quotidien.\" \/>\n<meta name=\"twitter:image\" content=\"https:\/\/damiensoitout.com\/wp-content\/uploads\/2019\/04\/selfconfidence.jpg\" \/>\n<meta name=\"twitter:creator\" content=\"@damiensoitout\" \/>\n<meta name=\"twitter:site\" content=\"@damiensoitout\" \/>\n<meta name=\"twitter:label1\" content=\"\u00c9crit par\" \/>\n\t<meta name=\"twitter:data1\" content=\"El Equipo Damien Soitout\" \/>\n\t<meta name=\"twitter:label2\" content=\"Dur\u00e9e de lecture estim\u00e9e\" \/>\n\t<meta name=\"twitter:data2\" content=\"6 minutes\" \/>\n<script type=\"application\/ld+json\" class=\"yoast-schema-graph\">{\"@context\":\"https:\/\/schema.org\",\"@graph\":[{\"@type\":\"Article\",\"@id\":\"https:\/\/damiensoitout.com\/fr\/augmente-ta-confiance-en-toi-et-ton-estime-de-soi\/#article\",\"isPartOf\":{\"@id\":\"https:\/\/damiensoitout.com\/fr\/augmente-ta-confiance-en-toi-et-ton-estime-de-soi\/\"},\"author\":{\"name\":\"El Equipo Damien Soitout\",\"@id\":\"https:\/\/damiensoitout.com\/fr\/#\/schema\/person\/8d19b79710a8aa1e4e03b7fbc6e21aa8\"},\"headline\":\"Augmente ta confiance en toi et ton estime de soi\",\"datePublished\":\"2026-08-09T16:52:00+00:00\",\"dateModified\":\"2026-08-13T13:56:59+00:00\",\"mainEntityOfPage\":{\"@id\":\"https:\/\/damiensoitout.com\/fr\/augmente-ta-confiance-en-toi-et-ton-estime-de-soi\/\"},\"wordCount\":1234,\"publisher\":{\"@id\":\"https:\/\/damiensoitout.com\/fr\/#\/schema\/person\/8d19b79710a8aa1e4e03b7fbc6e21aa8\"},\"image\":{\"@id\":\"https:\/\/damiensoitout.com\/fr\/augmente-ta-confiance-en-toi-et-ton-estime-de-soi\/#primaryimage\"},\"thumbnailUrl\":\"https:\/\/damiensoitout.com\/wp-content\/uploads\/2019\/04\/selfconfidence.jpg\",\"articleSection\":[\"D\u00e9veloppement personnel\"],\"inLanguage\":\"fr-FR\"},{\"@type\":\"WebPage\",\"@id\":\"https:\/\/damiensoitout.com\/fr\/augmente-ta-confiance-en-toi-et-ton-estime-de-soi\/\",\"url\":\"https:\/\/damiensoitout.com\/fr\/augmente-ta-confiance-en-toi-et-ton-estime-de-soi\/\",\"name\":\"Augmente ta confiance en toi et ton estime de soi | Damien Soitout\",\"isPartOf\":{\"@id\":\"https:\/\/damiensoitout.com\/fr\/#website\"},\"primaryImageOfPage\":{\"@id\":\"https:\/\/damiensoitout.com\/fr\/augmente-ta-confiance-en-toi-et-ton-estime-de-soi\/#primaryimage\"},\"image\":{\"@id\":\"https:\/\/damiensoitout.com\/fr\/augmente-ta-confiance-en-toi-et-ton-estime-de-soi\/#primaryimage\"},\"thumbnailUrl\":\"https:\/\/damiensoitout.com\/wp-content\/uploads\/2019\/04\/selfconfidence.jpg\",\"datePublished\":\"2026-08-09T16:52:00+00:00\",\"dateModified\":\"2026-08-13T13:56:59+00:00\",\"description\":\"La confiance en soi et l\u2019estime de soi se travaillent. 10 conseils concrets de Damien Soitout pour renforcer ton auto-confiance au quotidien.\",\"breadcrumb\":{\"@id\":\"https:\/\/damiensoitout.com\/fr\/augmente-ta-confiance-en-toi-et-ton-estime-de-soi\/#breadcrumb\"},\"inLanguage\":\"fr-FR\",\"potentialAction\":[{\"@type\":\"ReadAction\",\"target\":[\"https:\/\/damiensoitout.com\/fr\/augmente-ta-confiance-en-toi-et-ton-estime-de-soi\/\"]}]},{\"@type\":\"ImageObject\",\"inLanguage\":\"fr-FR\",\"@id\":\"https:\/\/damiensoitout.com\/fr\/augmente-ta-confiance-en-toi-et-ton-estime-de-soi\/#primaryimage\",\"url\":\"https:\/\/damiensoitout.com\/wp-content\/uploads\/2019\/04\/selfconfidence.jpg\",\"contentUrl\":\"https:\/\/damiensoitout.com\/wp-content\/uploads\/2019\/04\/selfconfidence.jpg\",\"width\":1900,\"height\":778,\"caption\":\"auto estima\"},{\"@type\":\"BreadcrumbList\",\"@id\":\"https:\/\/damiensoitout.com\/fr\/augmente-ta-confiance-en-toi-et-ton-estime-de-soi\/#breadcrumb\",\"itemListElement\":[{\"@type\":\"ListItem\",\"position\":1,\"name\":\"Accueil\",\"item\":\"https:\/\/damiensoitout.com\/fr\/\"},{\"@type\":\"ListItem\",\"position\":2,\"name\":\"D\u00e9veloppement personnel\",\"item\":\"https:\/\/damiensoitout.com\/fr\/category\/developpement-personnel\/\"},{\"@type\":\"ListItem\",\"position\":3,\"name\":\"Augmente ta confiance en toi et ton estime de soi\"}]},{\"@type\":\"WebSite\",\"@id\":\"https:\/\/damiensoitout.com\/fr\/#website\",\"url\":\"https:\/\/damiensoitout.com\/fr\/\",\"name\":\"Damien Soitout\",\"description\":\"\",\"publisher\":{\"@id\":\"https:\/\/damiensoitout.com\/fr\/#\/schema\/person\/8d19b79710a8aa1e4e03b7fbc6e21aa8\"},\"potentialAction\":[{\"@type\":\"SearchAction\",\"target\":{\"@type\":\"EntryPoint\",\"urlTemplate\":\"https:\/\/damiensoitout.com\/fr\/?s={search_term_string}\"},\"query-input\":{\"@type\":\"PropertyValueSpecification\",\"valueRequired\":true,\"valueName\":\"search_term_string\"}}],\"inLanguage\":\"fr-FR\"},{\"@type\":\"Person\",\"@id\":\"https:\/\/damiensoitout.com\/fr\/#\/schema\/person\/8d19b79710a8aa1e4e03b7fbc6e21aa8\",\"name\":\"Damien Soitout\",\"image\":{\"@type\":\"ImageObject\",\"inLanguage\":\"fr-FR\",\"@id\":\"https:\/\/damiensoitout.com\/fr\/#\/schema\/person\/image\/\",\"url\":\"https:\/\/cdn.damiensoitout.com\/wp-content\/uploads\/2020\/11\/13121638\/cropped-faviconds.png\",\"contentUrl\":\"https:\/\/cdn.damiensoitout.com\/wp-content\/uploads\/2020\/11\/13121638\/cropped-faviconds.png\",\"width\":512,\"height\":512,\"caption\":\"El Equipo Damien Soitout\"},\"logo\":{\"@id\":\"https:\/\/damiensoitout.com\/fr\/#\/schema\/person\/image\/\"},\"description\":\"Damien Soitout \u2014 entrepreneur, investor, author and philanthropist. Business mentor and consultant helping companies and entrepreneurs achieve ambitious goals.\",\"sameAs\":[\"https:\/\/damiensoitout.com\",\"https:\/\/facebook.com\/soitoutdamien\",\"https:\/\/instagram.com\/damiensoitout\",\"https:\/\/x.com\/damiensoitout\",\"https:\/\/youtube.com\/damsoi01\",\"https:\/\/es.wikipedia.org\/wiki\/Necesidades_humanas_fundamentales\"],\"url\":\"https:\/\/damiensoitout.com\/fr\/\",\"jobTitle\":\"Entrepreneur, investor, author, philanthropist\"}]}<\/script>\n<!-- \/ Yoast SEO Premium plugin. -->","yoast_head_json":{"title":"Augmente ta confiance en toi et ton estime de soi | Damien Soitout","description":"La confiance en soi et l\u2019estime de soi se travaillent. 10 conseils concrets de Damien Soitout pour renforcer ton auto-confiance au quotidien.","robots":{"index":"index","follow":"follow","max-snippet":"max-snippet:-1","max-image-preview":"max-image-preview:large","max-video-preview":"max-video-preview:-1"},"canonical":"https:\/\/damiensoitout.com\/fr\/augmente-ta-confiance-en-toi-et-ton-estime-de-soi\/","og_locale":"fr_FR","og_type":"article","og_title":"Augmente ta confiance en toi et ton estime de soi | Damien Soitout","og_description":"La confiance en soi et l\u2019estime de soi se travaillent. 10 conseils concrets de Damien Soitout pour renforcer ton auto-confiance au quotidien.","og_url":"https:\/\/damiensoitout.com\/fr\/augmente-ta-confiance-en-toi-et-ton-estime-de-soi\/","og_site_name":"Damien Soitout","article_publisher":"https:\/\/facebook.com\/soitoutdamien","article_author":"https:\/\/facebook.com\/soitoutdamien","article_published_time":"2026-08-09T16:52:00+00:00","article_modified_time":"2026-08-13T13:56:59+00:00","og_image":[{"url":"https:\/\/damiensoitout.com\/wp-content\/uploads\/2019\/04\/selfconfidence.jpg","type":"","width":"","height":""}],"author":"El Equipo Damien Soitout","twitter_card":"summary_large_image","twitter_title":"Augmente ta confiance en toi et ton estime de soi | Damien Soitout","twitter_description":"La confiance en soi et l\u2019estime de soi se travaillent. 10 conseils concrets de Damien Soitout pour renforcer ton auto-confiance au quotidien.","twitter_image":"https:\/\/damiensoitout.com\/wp-content\/uploads\/2019\/04\/selfconfidence.jpg","twitter_creator":"@damiensoitout","twitter_site":"@damiensoitout","twitter_misc":{"\u00c9crit par":"El Equipo Damien Soitout","Dur\u00e9e de lecture estim\u00e9e":"6 minutes"},"schema":{"@context":"https:\/\/schema.org","@graph":[{"@type":"Article","@id":"https:\/\/damiensoitout.com\/fr\/augmente-ta-confiance-en-toi-et-ton-estime-de-soi\/#article","isPartOf":{"@id":"https:\/\/damiensoitout.com\/fr\/augmente-ta-confiance-en-toi-et-ton-estime-de-soi\/"},"author":{"name":"El Equipo Damien Soitout","@id":"https:\/\/damiensoitout.com\/fr\/#\/schema\/person\/8d19b79710a8aa1e4e03b7fbc6e21aa8"},"headline":"Augmente ta confiance en toi et ton estime de soi","datePublished":"2026-08-09T16:52:00+00:00","dateModified":"2026-08-13T13:56:59+00:00","mainEntityOfPage":{"@id":"https:\/\/damiensoitout.com\/fr\/augmente-ta-confiance-en-toi-et-ton-estime-de-soi\/"},"wordCount":1234,"publisher":{"@id":"https:\/\/damiensoitout.com\/fr\/#\/schema\/person\/8d19b79710a8aa1e4e03b7fbc6e21aa8"},"image":{"@id":"https:\/\/damiensoitout.com\/fr\/augmente-ta-confiance-en-toi-et-ton-estime-de-soi\/#primaryimage"},"thumbnailUrl":"https:\/\/damiensoitout.com\/wp-content\/uploads\/2019\/04\/selfconfidence.jpg","articleSection":["D\u00e9veloppement personnel"],"inLanguage":"fr-FR"},{"@type":"WebPage","@id":"https:\/\/damiensoitout.com\/fr\/augmente-ta-confiance-en-toi-et-ton-estime-de-soi\/","url":"https:\/\/damiensoitout.com\/fr\/augmente-ta-confiance-en-toi-et-ton-estime-de-soi\/","name":"Augmente ta confiance en toi et ton estime de soi | Damien Soitout","isPartOf":{"@id":"https:\/\/damiensoitout.com\/fr\/#website"},"primaryImageOfPage":{"@id":"https:\/\/damiensoitout.com\/fr\/augmente-ta-confiance-en-toi-et-ton-estime-de-soi\/#primaryimage"},"image":{"@id":"https:\/\/damiensoitout.com\/fr\/augmente-ta-confiance-en-toi-et-ton-estime-de-soi\/#primaryimage"},"thumbnailUrl":"https:\/\/damiensoitout.com\/wp-content\/uploads\/2019\/04\/selfconfidence.jpg","datePublished":"2026-08-09T16:52:00+00:00","dateModified":"2026-08-13T13:56:59+00:00","description":"La confiance en soi et l\u2019estime de soi se travaillent. 10 conseils concrets de Damien Soitout pour renforcer ton auto-confiance au quotidien.","breadcrumb":{"@id":"https:\/\/damiensoitout.com\/fr\/augmente-ta-confiance-en-toi-et-ton-estime-de-soi\/#breadcrumb"},"inLanguage":"fr-FR","potentialAction":[{"@type":"ReadAction","target":["https:\/\/damiensoitout.com\/fr\/augmente-ta-confiance-en-toi-et-ton-estime-de-soi\/"]}]},{"@type":"ImageObject","inLanguage":"fr-FR","@id":"https:\/\/damiensoitout.com\/fr\/augmente-ta-confiance-en-toi-et-ton-estime-de-soi\/#primaryimage","url":"https:\/\/damiensoitout.com\/wp-content\/uploads\/2019\/04\/selfconfidence.jpg","contentUrl":"https:\/\/damiensoitout.com\/wp-content\/uploads\/2019\/04\/selfconfidence.jpg","width":1900,"height":778,"caption":"auto estima"},{"@type":"BreadcrumbList","@id":"https:\/\/damiensoitout.com\/fr\/augmente-ta-confiance-en-toi-et-ton-estime-de-soi\/#breadcrumb","itemListElement":[{"@type":"ListItem","position":1,"name":"Accueil","item":"https:\/\/damiensoitout.com\/fr\/"},{"@type":"ListItem","position":2,"name":"D\u00e9veloppement personnel","item":"https:\/\/damiensoitout.com\/fr\/category\/developpement-personnel\/"},{"@type":"ListItem","position":3,"name":"Augmente ta confiance en toi et ton estime de soi"}]},{"@type":"WebSite","@id":"https:\/\/damiensoitout.com\/fr\/#website","url":"https:\/\/damiensoitout.com\/fr\/","name":"Damien Soitout","description":"","publisher":{"@id":"https:\/\/damiensoitout.com\/fr\/#\/schema\/person\/8d19b79710a8aa1e4e03b7fbc6e21aa8"},"potentialAction":[{"@type":"SearchAction","target":{"@type":"EntryPoint","urlTemplate":"https:\/\/damiensoitout.com\/fr\/?s={search_term_string}"},"query-input":{"@type":"PropertyValueSpecification","valueRequired":true,"valueName":"search_term_string"}}],"inLanguage":"fr-FR"},{"@type":"Person","@id":"https:\/\/damiensoitout.com\/fr\/#\/schema\/person\/8d19b79710a8aa1e4e03b7fbc6e21aa8","name":"Damien Soitout","image":{"@type":"ImageObject","inLanguage":"fr-FR","@id":"https:\/\/damiensoitout.com\/fr\/#\/schema\/person\/image\/","url":"https:\/\/cdn.damiensoitout.com\/wp-content\/uploads\/2020\/11\/13121638\/cropped-faviconds.png","contentUrl":"https:\/\/cdn.damiensoitout.com\/wp-content\/uploads\/2020\/11\/13121638\/cropped-faviconds.png","width":512,"height":512,"caption":"El Equipo Damien Soitout"},"logo":{"@id":"https:\/\/damiensoitout.com\/fr\/#\/schema\/person\/image\/"},"description":"Damien Soitout \u2014 entrepreneur, investor, author and philanthropist. Business mentor and consultant helping companies and entrepreneurs achieve ambitious goals.","sameAs":["https:\/\/damiensoitout.com","https:\/\/facebook.com\/soitoutdamien","https:\/\/instagram.com\/damiensoitout","https:\/\/x.com\/damiensoitout","https:\/\/youtube.com\/damsoi01","https:\/\/es.wikipedia.org\/wiki\/Necesidades_humanas_fundamentales"],"url":"https:\/\/damiensoitout.com\/fr\/","jobTitle":"Entrepreneur, investor, author, philanthropist"}]}},"_links":{"self":[{"href":"https:\/\/damiensoitout.com\/fr\/wp-json\/wp\/v2\/posts\/14024","targetHints":{"allow":["GET"]}}],"collection":[{"href":"https:\/\/damiensoitout.com\/fr\/wp-json\/wp\/v2\/posts"}],"about":[{"href":"https:\/\/damiensoitout.com\/fr\/wp-json\/wp\/v2\/types\/post"}],"author":[{"embeddable":true,"href":"https:\/\/damiensoitout.com\/fr\/wp-json\/wp\/v2\/users\/1"}],"replies":[{"embeddable":true,"href":"https:\/\/damiensoitout.com\/fr\/wp-json\/wp\/v2\/comments?post=14024"}],"version-history":[{"count":1,"href":"https:\/\/damiensoitout.com\/fr\/wp-json\/wp\/v2\/posts\/14024\/revisions"}],"predecessor-version":[{"id":14529,"href":"https:\/\/damiensoitout.com\/fr\/wp-json\/wp\/v2\/posts\/14024\/revisions\/14529"}],"wp:featuredmedia":[{"embeddable":true,"href":"https:\/\/damiensoitout.com\/fr\/wp-json\/wp\/v2\/media\/1276"}],"wp:attachment":[{"href":"https:\/\/damiensoitout.com\/fr\/wp-json\/wp\/v2\/media?parent=14024"}],"wp:term":[{"taxonomy":"category","embeddable":true,"href":"https:\/\/damiensoitout.com\/fr\/wp-json\/wp\/v2\/categories?post=14024"},{"taxonomy":"post_tag","embeddable":true,"href":"https:\/\/damiensoitout.com\/fr\/wp-json\/wp\/v2\/tags?post=14024"}],"curies":[{"name":"wp","href":"https:\/\/api.w.org\/{rel}","templated":true}]}}