{"id":13963,"date":"2026-08-08T12:41:00","date_gmt":"2026-08-08T18:41:00","guid":{"rendered":"https:\/\/damiensoitout.com\/commence-a-assumer-la-responsabilite-de-ta-vie\/"},"modified":"2026-08-13T07:55:22","modified_gmt":"2026-08-13T13:55:22","slug":"commence-a-assumer-la-responsabilite-de-ta-vie","status":"publish","type":"post","link":"https:\/\/damiensoitout.com\/fr\/commence-a-assumer-la-responsabilite-de-ta-vie\/","title":{"rendered":"Commence \u00e0 assumer la responsabilit\u00e9 de ta vie"},"content":{"rendered":"<p>En tant que coach, je re\u00e7ois beaucoup de demandes de personnes qui disent vouloir am\u00e9liorer leur vie. Elles r\u00eavent d\u2019une vie meilleure et affirment qu\u2019elles sont enfin pr\u00eates \u00e0 prendre les d\u00e9cisions et \u00e0 passer \u00e0 l\u2019action pour transformer ces r\u00eaves en r\u00e9alit\u00e9. Avec un temps limit\u00e9, je dois \u00eatre attentif \u00e0 la fa\u00e7on dont je l\u2019alloue. Il n\u2019est pas possible d\u2019aider tout le monde individuellement, aussi fort que j\u2019en aie envie. Pour d\u00e9cider, j\u2019essaie de distinguer ceux qui assument la responsabilit\u00e9 de leur vie et ceux qui ne l\u2019assument pas.<\/p>\n<p>Au fil de nombreuses ann\u00e9es de coaching, j\u2019ai appris qu\u2019il est peu probable que les personnes qui ne se responsabilisent pas r\u00e9ussissent \u00e0 op\u00e9rer des changements significatifs. Un coach peut \u00eatre d\u2019une grande aide, mais c\u2019est le client qui doit assumer la responsabilit\u00e9 de mettre en \u0153uvre les changements convenus. J\u2019ai appris \u00e0 rep\u00e9rer certains signaux qui indiquent si une personne est pr\u00eate \u00e0 assumer ou non. Cela vaut la peine de prendre quelques minutes pour analyser ton propre comportement et d\u00e9terminer si tu es responsable de ta vie ou non.<\/p>\n<p>Avant de lire la suite, sache une chose : cela ne s\u2019applique pas uniquement aux entrepreneurs. Toute personne devrait s\u2019y tenir pour sa performance personnelle ; ce n\u2019est pas r\u00e9serv\u00e9 aux affaires.<\/p>\n<p style=\"text-align: center;\"><em>Sponsored*<\/em><\/p>\n<h2><strong>1- Laisse tomber les excuses<\/strong><\/h2>\n<blockquote><p>Les excuses provoquent l\u2019\u00e9chec.<br \/>\n&#8212; D. Soitout<\/p><\/blockquote>\n<p>Arr\u00eate de bl\u00e2mer ton conjoint, tes parents, ton \u00e9conomie, ton \u00e9ducation, ta culture ou le chien pour ton malheur. Te culpabiliser te maintient en mode victime et te vole la possibilit\u00e9 de changer ta situation.<\/p>\n<p>Quand tu cesses de bl\u00e2mer les autres et que tu acceptes la responsabilit\u00e9, tu passes de victime \u00e0 vainqueur. Tu peux alors voir la situation et d\u00e9cider quoi faire.<\/p>\n<p>Demande-toi : \u00ab Quel est mon r\u00f4le dans tout \u00e7a ? \u00bb<\/p>\n<p>Les excuses pour ton \u00e9chec, les excuses sur tes d\u00e9cisions de vie, les excuses sur ce que tu n\u2019as pas accompli et sur ce que tu n\u2019as pas : c\u2019est ce qui nourrit la pens\u00e9e dysfonctionnelle et, par cons\u00e9quent, des actions et des comportements ind\u00e9sirables.<\/p>\n<p>Mettre des excuses \u00e0 la place d\u2019assumer \u00e0 100 % la responsabilit\u00e9 de tes actions, de tes pens\u00e9es et de tes objectifs est la marque distinctive des personnes qui n\u2019arrivent pas \u00e0 r\u00e9ussir dans leur vie professionnelle <strong>ET<\/strong> personnelle.<\/p>\n<p>Une partie du pouvoir d\u2019assumer la responsabilit\u00e9 de tes actes, c\u2019est de faire taire la voix n\u00e9gative et inutile dans ta t\u00eate. Quand tu consacres ton temps de r\u00e9flexion au succ\u00e8s et \u00e0 l\u2019atteinte de tes objectifs plut\u00f4t qu\u2019aux excuses, tu lib\u00e8res l\u2019espace \u00e9motionnel autrefois occup\u00e9 par la n\u00e9gativit\u00e9.<\/p>\n<p>C\u2019est d\u2019autant plus vrai que cette voix n\u00e9gative rejoue sans fin des bandes d\u2019insatisfaction et r\u00e9p\u00e8te des sc\u00e9narios n\u00e9gatifs encore et encore. La prochaine fois que tu te surprends \u00e0 produire une excuse, que ce soit pour un projet en retard, un objectif non atteint ou un projet que tu as choisi, rappelle-toi avec douceur : <span style=\"text-decoration: underline;\"><strong>pas d\u2019excuses<\/strong><\/span>.<\/p>\n<p>Interromps cette bande qui tourne en boucle dans ton esprit et arr\u00eate de rejouer cette conversation pleine d\u2019excuses. Consacre ton temps de r\u00e9flexion \u00e0 planifier ta prochaine aventure r\u00e9ussie. La pens\u00e9e positive devient une habitude utile. Les excuses provoquent l\u2019\u00e9chec.<\/p>\n<h2><strong>2- Arr\u00eate de te plaindre<\/strong><\/h2>\n<p>Il n\u2019y a rien que je d\u00e9teste plus que les gens qui passent leur temps \u00e0 se plaindre. Se plaindre est une autre fa\u00e7on de bl\u00e2mer et de jouer la victime, comme si tu n\u2019avais pas le choix. Cela montre aussi que tu te focalises sur le n\u00e9gatif, sur ce qui va mal, sur ce qui t\u2019arrive. Dans tout ce qui ne se passe pas comme pr\u00e9vu, il y a un cadeau, il y a une image plus large.<\/p>\n<p>Demande-toi : \u00ab Quel est le cadeau ici ? Que puis-je apprendre de cela ? \u00bb<\/p>\n<p><em><strong>Lire aussi<\/strong><\/em> : <a href=\"https:\/\/damiensoitout.com\/fr\/renonce-a-ces-habitudes-pour-reussir\/\" target=\"_blank\" rel=\"noopener noreferrer\">Renonce \u00e0 ceci pour r\u00e9ussir<\/a><\/p>\n<h2><strong>3- Ne prends rien personnellement<\/strong><\/h2>\n<p>C\u2019est un gros probl\u00e8me. Supposer que tout tourne autour de toi. Prendre tout d\u00e9saccord comme une attaque personnelle. Souviens-toi : tu n\u2019as aucun contr\u00f4le sur la fa\u00e7on dont les autres r\u00e9agissent, tu n\u2019as le contr\u00f4le que sur ta propre r\u00e9ponse.<\/p>\n<p>Refuse de prendre quoi que ce soit personnellement. Le plus souvent, ce n\u2019est pas de toi qu\u2019il s\u2019agit, mais du sujet en question. Au lieu de faire des suppositions, pose plut\u00f4t des questions. C\u2019est une pratique tr\u00e8s puissante et lib\u00e9ratrice, pleine de surprises.<\/p>\n<p>Demande-toi : \u00ab Est-ce que \u00e7a me concerne, ou est-ce le sujet en question ? \u00bb<\/p>\n<h2><strong>4- Utilise le pouvoir de l\u2019intention<\/strong><\/h2>\n<p>Tu as le pouvoir de choisir. En r\u00e9alit\u00e9, tu prends des d\u00e9cisions en permanence. Th\u00e9 ou caf\u00e9, robe rouge ou robe noire, cheveux relev\u00e9s ou d\u00e9tach\u00e9s, yoga ou footing. M\u00eame en ne d\u00e9cidant pas, tu prends une d\u00e9cision.<\/p>\n<p>Deviens intentionnel : prends des d\u00e9cisions en ayant une vision en t\u00eate. Une vision pour ta vie, ton business, ta relation, ta sant\u00e9, ta richesse, etc. Vivre intentionnellement, en prenant des d\u00e9cisions d\u00e9lib\u00e9r\u00e9es pour avancer vers la manifestation de ta vision ou de tes r\u00e9sultats, c\u2019est te responsabiliser consciemment pour ta vie.<\/p>\n<p>Demande-toi : \u00ab Dire oui \u00e0 cela me rapproche-t-il de mon objectif ? \u00bb<\/p>\n<h2><strong>5- Cherche le bon chez les gens<\/strong><\/h2>\n<p>Il y a un dicton selon lequel nous nous jugeons nous-m\u00eames sur nos intentions et nous jugeons les autres sur leurs comportements.<\/p>\n<p>Cr\u00e9e une nouvelle habitude : chercher les intentions derri\u00e8re le comportement des gens. Tr\u00e8s souvent, quand on comprend d\u2019o\u00f9 vient quelqu\u2019un, on l\u00e2che le jugement.<\/p>\n<p>Une excellente pratique consiste \u00e0 retirer les \u00e9tiquettes que l\u2019on colle aux personnes comme des bavoirs autour du cou et qui, d\u2019une certaine fa\u00e7on, nous donnent la permission de les traiter au pire. Cela s\u2019applique souvent aux personnes les plus proches de nous.<\/p>\n<p>Demande-toi : \u00ab Si je ne le vois que comme un \u00eatre humain, comment vais-je r\u00e9pondre autrement ? \u00bb<\/p>\n<p>Une autre pratique efficace : \u00e9couter pour comprendre plut\u00f4t qu\u2019\u00e9couter pour r\u00e9pondre. Cela veut dire poser des questions pour vraiment saisir ce que l\u2019autre veut dire, au lieu d\u2019attendre l\u2019occasion d\u2019interrompre et de donner ton avis.<\/p>\n<p>Cela te permet d\u2019assumer la responsabilit\u00e9 d\u2019avoir des conversations \u00e9clair\u00e9es et des relations satisfaisantes de fa\u00e7on intentionnelle, car la personne avec qui tu parles appr\u00e9ciera ton attention, te remerciera, te fera confiance et te soutiendra en retour.<\/p>\n<h2><strong>6- Sois honn\u00eate avec toi-m\u00eame<\/strong><\/h2>\n<p>Pour assumer la responsabilit\u00e9 de ta vie, tu dois abandonner toutes les excuses. Tu connais ces vieilles histoires que tu pr\u00e9sentes comme des faits de la vie, au point de ne m\u00eame pas tenter les changements n\u00e9cessaires, par exemple :<\/p>\n<ul>\n<li>Je suis trop vieux<\/li>\n<li>Je suis trop jeune<\/li>\n<li>Je suis trop occup\u00e9<\/li>\n<li>Je ne peux pas me le permettre<\/li>\n<li>Ces choses n\u2019arrivent pas aux gens comme moi<\/li>\n<\/ul>\n<p>Il y a bien d\u2019autres exemples, mais je suis s\u00fbr que tu vois le point. Coupe les excuses ; coupe le blabla ; assume la responsabilit\u00e9 de ta vie et fais les changements que tu aimerais vraiment faire.<\/p>\n<h2><strong>7- Sache que tu as des options<\/strong><\/h2>\n<p>Parmi toutes les histoires absurdes que nous nous racontons, la plus absurde est peut-\u00eatre \u00ab je n\u2019avais pas le choix \u00bb. Quand nous faisons quelque chose que nous regrettons ou que nous savons ne pas avoir d\u00fb faire, nous sortons cette belle excuse. Nous croyons qu\u2019elle nous exon\u00e8re de toute responsabilit\u00e9 quant aux r\u00e9sultats de nos d\u00e9cisions.<\/p>\n<p>Quelle que soit la situation, il y a toujours un choix. Ce peut \u00eatre une d\u00e9cision d\u00e9sagr\u00e9able et il peut sembler n\u2019y avoir aucune alternative r\u00e9aliste, mais si : tu dois prendre une d\u00e9cision. Les personnes les plus efficaces assument leurs d\u00e9cisions et sont pr\u00eates \u00e0 les d\u00e9fendre, m\u00eame si cela leur co\u00fbte en popularit\u00e9.<\/p>\n","protected":false},"excerpt":{"rendered":"excerpt","protected":false},"author":1,"featured_media":811,"comment_status":"closed","ping_status":"closed","sticky":false,"template":"","format":"standard","meta":{"episode_type":"","audio_file":"","podmotor_file_id":"","podmotor_episode_id":"","cover_image":"","cover_image_id":"","duration":"","filesize":"","filesize_raw":"","date_recorded":"","explicit":"","block":"","itunes_episode_number":"","itunes_title":"","itunes_season_number":"","itunes_episode_type":"","footnotes":""},"categories":[3974],"tags":[],"class_list":["post-13963","post","type-post","status-publish","format-standard","has-post-thumbnail","hentry","category-developpement-personnel"],"yoast_head":"<!-- This site is optimized with the Yoast SEO Premium plugin v24.3 (Yoast SEO v25.8) - https:\/\/yoast.com\/wordpress\/plugins\/seo\/ -->\n<title>Assumer la responsabilit\u00e9 de sa vie : 7 leviers concrets<\/title>\n<meta name=\"description\" content=\"Arr\u00eate de bl\u00e2mer les autres. Assume la responsabilit\u00e9 de ta vie, sors du mode victime et passe \u00e0 l\u2019action avec 7 leviers concrets de Damien Soitout.\" \/>\n<meta name=\"robots\" content=\"index, follow, max-snippet:-1, max-image-preview:large, max-video-preview:-1\" \/>\n<link rel=\"canonical\" href=\"https:\/\/damiensoitout.com\/fr\/commence-a-assumer-la-responsabilite-de-ta-vie\/\" \/>\n<meta property=\"og:locale\" content=\"fr_FR\" \/>\n<meta property=\"og:type\" content=\"article\" \/>\n<meta property=\"og:title\" content=\"Assumer la responsabilit\u00e9 de sa vie : 7 leviers concrets\" \/>\n<meta property=\"og:description\" content=\"Arr\u00eate de bl\u00e2mer les autres. Assume la responsabilit\u00e9 de ta vie, sors du mode victime et passe \u00e0 l\u2019action avec 7 leviers concrets de Damien Soitout.\" \/>\n<meta property=\"og:url\" content=\"https:\/\/damiensoitout.com\/fr\/commence-a-assumer-la-responsabilite-de-ta-vie\/\" \/>\n<meta property=\"og:site_name\" content=\"Damien Soitout\" \/>\n<meta property=\"article:publisher\" content=\"https:\/\/facebook.com\/soitoutdamien\" \/>\n<meta property=\"article:author\" content=\"https:\/\/facebook.com\/soitoutdamien\" \/>\n<meta property=\"article:published_time\" content=\"2026-08-08T18:41:00+00:00\" \/>\n<meta property=\"article:modified_time\" content=\"2026-08-13T13:55:22+00:00\" \/>\n<meta property=\"og:image\" content=\"https:\/\/damiensoitout.com\/wp-content\/uploads\/2019\/03\/responsabilidad.jpg\" \/>\n<meta name=\"author\" content=\"El Equipo Damien Soitout\" \/>\n<meta name=\"twitter:card\" content=\"summary_large_image\" \/>\n<meta name=\"twitter:title\" content=\"Assumer la responsabilit\u00e9 de sa vie : 7 leviers concrets\" \/>\n<meta name=\"twitter:description\" content=\"Arr\u00eate de bl\u00e2mer les autres. Assume la responsabilit\u00e9 de ta vie, sors du mode victime et passe \u00e0 l\u2019action avec 7 leviers concrets de Damien Soitout.\" \/>\n<meta name=\"twitter:creator\" content=\"@damiensoitout\" \/>\n<meta name=\"twitter:site\" content=\"@damiensoitout\" \/>\n<meta name=\"twitter:label1\" content=\"\u00c9crit par\" \/>\n\t<meta name=\"twitter:data1\" content=\"El Equipo Damien Soitout\" \/>\n\t<meta name=\"twitter:label2\" content=\"Dur\u00e9e de lecture estim\u00e9e\" \/>\n\t<meta name=\"twitter:data2\" content=\"7 minutes\" \/>\n<script type=\"application\/ld+json\" class=\"yoast-schema-graph\">{\"@context\":\"https:\/\/schema.org\",\"@graph\":[{\"@type\":\"Article\",\"@id\":\"https:\/\/damiensoitout.com\/fr\/commence-a-assumer-la-responsabilite-de-ta-vie\/#article\",\"isPartOf\":{\"@id\":\"https:\/\/damiensoitout.com\/fr\/commence-a-assumer-la-responsabilite-de-ta-vie\/\"},\"author\":{\"name\":\"El Equipo Damien Soitout\",\"@id\":\"https:\/\/damiensoitout.com\/fr\/#\/schema\/person\/8d19b79710a8aa1e4e03b7fbc6e21aa8\"},\"headline\":\"Commence \u00e0 assumer la responsabilit\u00e9 de ta vie\",\"datePublished\":\"2026-08-08T18:41:00+00:00\",\"dateModified\":\"2026-08-13T13:55:22+00:00\",\"mainEntityOfPage\":{\"@id\":\"https:\/\/damiensoitout.com\/fr\/commence-a-assumer-la-responsabilite-de-ta-vie\/\"},\"wordCount\":1394,\"publisher\":{\"@id\":\"https:\/\/damiensoitout.com\/fr\/#\/schema\/person\/8d19b79710a8aa1e4e03b7fbc6e21aa8\"},\"image\":{\"@id\":\"https:\/\/damiensoitout.com\/fr\/commence-a-assumer-la-responsabilite-de-ta-vie\/#primaryimage\"},\"thumbnailUrl\":\"https:\/\/damiensoitout.com\/wp-content\/uploads\/2019\/03\/responsabilidad.jpg\",\"articleSection\":[\"D\u00e9veloppement personnel\"],\"inLanguage\":\"fr-FR\"},{\"@type\":\"WebPage\",\"@id\":\"https:\/\/damiensoitout.com\/fr\/commence-a-assumer-la-responsabilite-de-ta-vie\/\",\"url\":\"https:\/\/damiensoitout.com\/fr\/commence-a-assumer-la-responsabilite-de-ta-vie\/\",\"name\":\"Assumer la responsabilit\u00e9 de sa vie : 7 leviers concrets\",\"isPartOf\":{\"@id\":\"https:\/\/damiensoitout.com\/fr\/#website\"},\"primaryImageOfPage\":{\"@id\":\"https:\/\/damiensoitout.com\/fr\/commence-a-assumer-la-responsabilite-de-ta-vie\/#primaryimage\"},\"image\":{\"@id\":\"https:\/\/damiensoitout.com\/fr\/commence-a-assumer-la-responsabilite-de-ta-vie\/#primaryimage\"},\"thumbnailUrl\":\"https:\/\/damiensoitout.com\/wp-content\/uploads\/2019\/03\/responsabilidad.jpg\",\"datePublished\":\"2026-08-08T18:41:00+00:00\",\"dateModified\":\"2026-08-13T13:55:22+00:00\",\"description\":\"Arr\u00eate de bl\u00e2mer les autres. Assume la responsabilit\u00e9 de ta vie, sors du mode victime et passe \u00e0 l\u2019action avec 7 leviers concrets de Damien Soitout.\",\"breadcrumb\":{\"@id\":\"https:\/\/damiensoitout.com\/fr\/commence-a-assumer-la-responsabilite-de-ta-vie\/#breadcrumb\"},\"inLanguage\":\"fr-FR\",\"potentialAction\":[{\"@type\":\"ReadAction\",\"target\":[\"https:\/\/damiensoitout.com\/fr\/commence-a-assumer-la-responsabilite-de-ta-vie\/\"]}]},{\"@type\":\"ImageObject\",\"inLanguage\":\"fr-FR\",\"@id\":\"https:\/\/damiensoitout.com\/fr\/commence-a-assumer-la-responsabilite-de-ta-vie\/#primaryimage\",\"url\":\"https:\/\/damiensoitout.com\/wp-content\/uploads\/2019\/03\/responsabilidad.jpg\",\"contentUrl\":\"https:\/\/damiensoitout.com\/wp-content\/uploads\/2019\/03\/responsabilidad.jpg\",\"width\":1900,\"height\":778,\"caption\":\"excusas provocan el fracaso\"},{\"@type\":\"BreadcrumbList\",\"@id\":\"https:\/\/damiensoitout.com\/fr\/commence-a-assumer-la-responsabilite-de-ta-vie\/#breadcrumb\",\"itemListElement\":[{\"@type\":\"ListItem\",\"position\":1,\"name\":\"Accueil\",\"item\":\"https:\/\/damiensoitout.com\/fr\/\"},{\"@type\":\"ListItem\",\"position\":2,\"name\":\"D\u00e9veloppement personnel\",\"item\":\"https:\/\/damiensoitout.com\/fr\/category\/developpement-personnel\/\"},{\"@type\":\"ListItem\",\"position\":3,\"name\":\"Commence \u00e0 assumer la responsabilit\u00e9 de ta vie\"}]},{\"@type\":\"WebSite\",\"@id\":\"https:\/\/damiensoitout.com\/fr\/#website\",\"url\":\"https:\/\/damiensoitout.com\/fr\/\",\"name\":\"Damien Soitout\",\"description\":\"\",\"publisher\":{\"@id\":\"https:\/\/damiensoitout.com\/fr\/#\/schema\/person\/8d19b79710a8aa1e4e03b7fbc6e21aa8\"},\"potentialAction\":[{\"@type\":\"SearchAction\",\"target\":{\"@type\":\"EntryPoint\",\"urlTemplate\":\"https:\/\/damiensoitout.com\/fr\/?s={search_term_string}\"},\"query-input\":{\"@type\":\"PropertyValueSpecification\",\"valueRequired\":true,\"valueName\":\"search_term_string\"}}],\"inLanguage\":\"fr-FR\"},{\"@type\":\"Person\",\"@id\":\"https:\/\/damiensoitout.com\/fr\/#\/schema\/person\/8d19b79710a8aa1e4e03b7fbc6e21aa8\",\"name\":\"Damien Soitout\",\"image\":{\"@type\":\"ImageObject\",\"inLanguage\":\"fr-FR\",\"@id\":\"https:\/\/damiensoitout.com\/fr\/#\/schema\/person\/image\/\",\"url\":\"https:\/\/cdn.damiensoitout.com\/wp-content\/uploads\/2020\/11\/13121638\/cropped-faviconds.png\",\"contentUrl\":\"https:\/\/cdn.damiensoitout.com\/wp-content\/uploads\/2020\/11\/13121638\/cropped-faviconds.png\",\"width\":512,\"height\":512,\"caption\":\"El Equipo Damien Soitout\"},\"logo\":{\"@id\":\"https:\/\/damiensoitout.com\/fr\/#\/schema\/person\/image\/\"},\"description\":\"Damien Soitout \u2014 entrepreneur, investor, author and philanthropist. Business mentor and consultant helping companies and entrepreneurs achieve ambitious goals.\",\"sameAs\":[\"https:\/\/damiensoitout.com\",\"https:\/\/facebook.com\/soitoutdamien\",\"https:\/\/instagram.com\/damiensoitout\",\"https:\/\/x.com\/damiensoitout\",\"https:\/\/youtube.com\/damsoi01\",\"https:\/\/es.wikipedia.org\/wiki\/Necesidades_humanas_fundamentales\"],\"url\":\"https:\/\/damiensoitout.com\/fr\/\",\"jobTitle\":\"Entrepreneur, investor, author, philanthropist\"}]}<\/script>\n<!-- \/ Yoast SEO Premium plugin. -->","yoast_head_json":{"title":"Assumer la responsabilit\u00e9 de sa vie : 7 leviers concrets","description":"Arr\u00eate de bl\u00e2mer les autres. Assume la responsabilit\u00e9 de ta vie, sors du mode victime et passe \u00e0 l\u2019action avec 7 leviers concrets de Damien Soitout.","robots":{"index":"index","follow":"follow","max-snippet":"max-snippet:-1","max-image-preview":"max-image-preview:large","max-video-preview":"max-video-preview:-1"},"canonical":"https:\/\/damiensoitout.com\/fr\/commence-a-assumer-la-responsabilite-de-ta-vie\/","og_locale":"fr_FR","og_type":"article","og_title":"Assumer la responsabilit\u00e9 de sa vie : 7 leviers concrets","og_description":"Arr\u00eate de bl\u00e2mer les autres. Assume la responsabilit\u00e9 de ta vie, sors du mode victime et passe \u00e0 l\u2019action avec 7 leviers concrets de Damien Soitout.","og_url":"https:\/\/damiensoitout.com\/fr\/commence-a-assumer-la-responsabilite-de-ta-vie\/","og_site_name":"Damien Soitout","article_publisher":"https:\/\/facebook.com\/soitoutdamien","article_author":"https:\/\/facebook.com\/soitoutdamien","article_published_time":"2026-08-08T18:41:00+00:00","article_modified_time":"2026-08-13T13:55:22+00:00","og_image":[{"url":"https:\/\/damiensoitout.com\/wp-content\/uploads\/2019\/03\/responsabilidad.jpg","type":"","width":"","height":""}],"author":"El Equipo Damien Soitout","twitter_card":"summary_large_image","twitter_title":"Assumer la responsabilit\u00e9 de sa vie : 7 leviers concrets","twitter_description":"Arr\u00eate de bl\u00e2mer les autres. Assume la responsabilit\u00e9 de ta vie, sors du mode victime et passe \u00e0 l\u2019action avec 7 leviers concrets de Damien Soitout.","twitter_creator":"@damiensoitout","twitter_site":"@damiensoitout","twitter_misc":{"\u00c9crit par":"El Equipo Damien Soitout","Dur\u00e9e de lecture estim\u00e9e":"7 minutes"},"schema":{"@context":"https:\/\/schema.org","@graph":[{"@type":"Article","@id":"https:\/\/damiensoitout.com\/fr\/commence-a-assumer-la-responsabilite-de-ta-vie\/#article","isPartOf":{"@id":"https:\/\/damiensoitout.com\/fr\/commence-a-assumer-la-responsabilite-de-ta-vie\/"},"author":{"name":"El Equipo Damien Soitout","@id":"https:\/\/damiensoitout.com\/fr\/#\/schema\/person\/8d19b79710a8aa1e4e03b7fbc6e21aa8"},"headline":"Commence \u00e0 assumer la responsabilit\u00e9 de ta vie","datePublished":"2026-08-08T18:41:00+00:00","dateModified":"2026-08-13T13:55:22+00:00","mainEntityOfPage":{"@id":"https:\/\/damiensoitout.com\/fr\/commence-a-assumer-la-responsabilite-de-ta-vie\/"},"wordCount":1394,"publisher":{"@id":"https:\/\/damiensoitout.com\/fr\/#\/schema\/person\/8d19b79710a8aa1e4e03b7fbc6e21aa8"},"image":{"@id":"https:\/\/damiensoitout.com\/fr\/commence-a-assumer-la-responsabilite-de-ta-vie\/#primaryimage"},"thumbnailUrl":"https:\/\/damiensoitout.com\/wp-content\/uploads\/2019\/03\/responsabilidad.jpg","articleSection":["D\u00e9veloppement personnel"],"inLanguage":"fr-FR"},{"@type":"WebPage","@id":"https:\/\/damiensoitout.com\/fr\/commence-a-assumer-la-responsabilite-de-ta-vie\/","url":"https:\/\/damiensoitout.com\/fr\/commence-a-assumer-la-responsabilite-de-ta-vie\/","name":"Assumer la responsabilit\u00e9 de sa vie : 7 leviers concrets","isPartOf":{"@id":"https:\/\/damiensoitout.com\/fr\/#website"},"primaryImageOfPage":{"@id":"https:\/\/damiensoitout.com\/fr\/commence-a-assumer-la-responsabilite-de-ta-vie\/#primaryimage"},"image":{"@id":"https:\/\/damiensoitout.com\/fr\/commence-a-assumer-la-responsabilite-de-ta-vie\/#primaryimage"},"thumbnailUrl":"https:\/\/damiensoitout.com\/wp-content\/uploads\/2019\/03\/responsabilidad.jpg","datePublished":"2026-08-08T18:41:00+00:00","dateModified":"2026-08-13T13:55:22+00:00","description":"Arr\u00eate de bl\u00e2mer les autres. Assume la responsabilit\u00e9 de ta vie, sors du mode victime et passe \u00e0 l\u2019action avec 7 leviers concrets de Damien Soitout.","breadcrumb":{"@id":"https:\/\/damiensoitout.com\/fr\/commence-a-assumer-la-responsabilite-de-ta-vie\/#breadcrumb"},"inLanguage":"fr-FR","potentialAction":[{"@type":"ReadAction","target":["https:\/\/damiensoitout.com\/fr\/commence-a-assumer-la-responsabilite-de-ta-vie\/"]}]},{"@type":"ImageObject","inLanguage":"fr-FR","@id":"https:\/\/damiensoitout.com\/fr\/commence-a-assumer-la-responsabilite-de-ta-vie\/#primaryimage","url":"https:\/\/damiensoitout.com\/wp-content\/uploads\/2019\/03\/responsabilidad.jpg","contentUrl":"https:\/\/damiensoitout.com\/wp-content\/uploads\/2019\/03\/responsabilidad.jpg","width":1900,"height":778,"caption":"excusas provocan el fracaso"},{"@type":"BreadcrumbList","@id":"https:\/\/damiensoitout.com\/fr\/commence-a-assumer-la-responsabilite-de-ta-vie\/#breadcrumb","itemListElement":[{"@type":"ListItem","position":1,"name":"Accueil","item":"https:\/\/damiensoitout.com\/fr\/"},{"@type":"ListItem","position":2,"name":"D\u00e9veloppement personnel","item":"https:\/\/damiensoitout.com\/fr\/category\/developpement-personnel\/"},{"@type":"ListItem","position":3,"name":"Commence \u00e0 assumer la responsabilit\u00e9 de ta vie"}]},{"@type":"WebSite","@id":"https:\/\/damiensoitout.com\/fr\/#website","url":"https:\/\/damiensoitout.com\/fr\/","name":"Damien Soitout","description":"","publisher":{"@id":"https:\/\/damiensoitout.com\/fr\/#\/schema\/person\/8d19b79710a8aa1e4e03b7fbc6e21aa8"},"potentialAction":[{"@type":"SearchAction","target":{"@type":"EntryPoint","urlTemplate":"https:\/\/damiensoitout.com\/fr\/?s={search_term_string}"},"query-input":{"@type":"PropertyValueSpecification","valueRequired":true,"valueName":"search_term_string"}}],"inLanguage":"fr-FR"},{"@type":"Person","@id":"https:\/\/damiensoitout.com\/fr\/#\/schema\/person\/8d19b79710a8aa1e4e03b7fbc6e21aa8","name":"Damien Soitout","image":{"@type":"ImageObject","inLanguage":"fr-FR","@id":"https:\/\/damiensoitout.com\/fr\/#\/schema\/person\/image\/","url":"https:\/\/cdn.damiensoitout.com\/wp-content\/uploads\/2020\/11\/13121638\/cropped-faviconds.png","contentUrl":"https:\/\/cdn.damiensoitout.com\/wp-content\/uploads\/2020\/11\/13121638\/cropped-faviconds.png","width":512,"height":512,"caption":"El Equipo Damien Soitout"},"logo":{"@id":"https:\/\/damiensoitout.com\/fr\/#\/schema\/person\/image\/"},"description":"Damien Soitout \u2014 entrepreneur, investor, author and philanthropist. Business mentor and consultant helping companies and entrepreneurs achieve ambitious goals.","sameAs":["https:\/\/damiensoitout.com","https:\/\/facebook.com\/soitoutdamien","https:\/\/instagram.com\/damiensoitout","https:\/\/x.com\/damiensoitout","https:\/\/youtube.com\/damsoi01","https:\/\/es.wikipedia.org\/wiki\/Necesidades_humanas_fundamentales"],"url":"https:\/\/damiensoitout.com\/fr\/","jobTitle":"Entrepreneur, investor, author, philanthropist"}]}},"_links":{"self":[{"href":"https:\/\/damiensoitout.com\/fr\/wp-json\/wp\/v2\/posts\/13963","targetHints":{"allow":["GET"]}}],"collection":[{"href":"https:\/\/damiensoitout.com\/fr\/wp-json\/wp\/v2\/posts"}],"about":[{"href":"https:\/\/damiensoitout.com\/fr\/wp-json\/wp\/v2\/types\/post"}],"author":[{"embeddable":true,"href":"https:\/\/damiensoitout.com\/fr\/wp-json\/wp\/v2\/users\/1"}],"replies":[{"embeddable":true,"href":"https:\/\/damiensoitout.com\/fr\/wp-json\/wp\/v2\/comments?post=13963"}],"version-history":[{"count":1,"href":"https:\/\/damiensoitout.com\/fr\/wp-json\/wp\/v2\/posts\/13963\/revisions"}],"predecessor-version":[{"id":14426,"href":"https:\/\/damiensoitout.com\/fr\/wp-json\/wp\/v2\/posts\/13963\/revisions\/14426"}],"wp:featuredmedia":[{"embeddable":true,"href":"https:\/\/damiensoitout.com\/fr\/wp-json\/wp\/v2\/media\/811"}],"wp:attachment":[{"href":"https:\/\/damiensoitout.com\/fr\/wp-json\/wp\/v2\/media?parent=13963"}],"wp:term":[{"taxonomy":"category","embeddable":true,"href":"https:\/\/damiensoitout.com\/fr\/wp-json\/wp\/v2\/categories?post=13963"},{"taxonomy":"post_tag","embeddable":true,"href":"https:\/\/damiensoitout.com\/fr\/wp-json\/wp\/v2\/tags?post=13963"}],"curies":[{"name":"wp","href":"https:\/\/api.w.org\/{rel}","templated":true}]}}